{"id":17133,"date":"2020-07-28T06:49:14","date_gmt":"2020-07-28T06:49:14","guid":{"rendered":"https:\/\/gazetaregionalna.com\/?p=17133"},"modified":"2020-07-28T06:49:15","modified_gmt":"2020-07-28T06:49:15","slug":"powstanie-nowe-oswietlenie-przy-ulicy-mirowskiej","status":"publish","type":"post","link":"https:\/\/gazetaregionalna.com\/?p=17133","title":{"rendered":"Powstanie nowe o\u015bwietlenie przy ulicy Mirowskiej"},"content":{"rendered":"\n<h2 class=\"wp-block-heading\"> Powstanie nowe o\u015bwietlenie przy ulicy Mirowskiej.<\/h2>\n\n\n\n<p>Miejski Zarz\u0105d Dr\u00f3g i Transportu w Cz\u0119stochowie og\u0142osi\u0142 przetarg na jego budow\u0119.<br> Prace planowane przez\u00a0MZDiT\u00a0obejm\u0105 m.in. budow\u0119 linii o \u0142\u0105cznej d\u0142ugo\u015bci 1 508 metr\u00f3w, monta\u017c 40\u00a0cylindryczno &#8211; sto\u017ckowych\u00a0aluminiowych s\u0142up\u00f3w o\u015bwietlenia ulicznego o wysoko\u015bci 6 metr\u00f3w oraz monta\u017c 40 opraw o\u015bwietlenia ulicznego ze \u017ar\u00f3d\u0142em \u015bwiat\u0142a LED.<\/p>\n\n\n\n<p><br> Po pozytywnym przeprowadzeniu procedury przetargowej i podpisaniu umowy wykonawczej inwestycja\u00a0powinna by\u0107 gotowa do 30 pa\u017adziernika.<br> (\u0179r\u00f3d\u0142o:\u00a0MZDiT, fot. pixabay)<\/p>\n","protected":false},"excerpt":{"rendered":"<p>Powstanie nowe o\u015bwietlenie przy ulicy Mirowskiej. Miejski Zarz\u0105d Dr\u00f3g i Transportu w Cz\u0119stochowie og\u0142osi\u0142 przetarg na jego budow\u0119. Prace planowane przez\u00a0MZDiT\u00a0obejm\u0105 m.in. budow\u0119 linii<\/p>\n","protected":false},"author":7,"featured_media":17135,"comment_status":"open","ping_status":"open","sticky":false,"template":"","format":"standard","meta":{"_monsterinsights_skip_tracking":false,"_monsterinsights_sitenote_active":false,"_monsterinsights_sitenote_note":"","_monsterinsights_sitenote_category":0,"_uf_show_specific_survey":0,"_uf_disable_surveys":false,"footnotes":""},"categories":[94,3,2],"tags":[],"class_list":["post-17133","post","type-post","status-publish","format-standard","has-post-thumbnail","hentry","category-polecane","category-czestochowa-informacje","category-wiadomosci"],"_links":{"self":[{"href":"https:\/\/gazetaregionalna.com\/index.php?rest_route=\/wp\/v2\/posts\/17133","targetHints":{"allow":["GET"]}}],"collection":[{"href":"https:\/\/gazetaregionalna.com\/index.php?rest_route=\/wp\/v2\/posts"}],"about":[{"href":"https:\/\/gazetaregionalna.com\/index.php?rest_route=\/wp\/v2\/types\/post"}],"author":[{"embeddable":true,"href":"https:\/\/gazetaregionalna.com\/index.php?rest_route=\/wp\/v2\/users\/7"}],"replies":[{"embeddable":true,"href":"https:\/\/gazetaregionalna.com\/index.php?rest_route=%2Fwp%2Fv2%2Fcomments&post=17133"}],"version-history":[{"count":2,"href":"https:\/\/gazetaregionalna.com\/index.php?rest_route=\/wp\/v2\/posts\/17133\/revisions"}],"predecessor-version":[{"id":17136,"href":"https:\/\/gazetaregionalna.com\/index.php?rest_route=\/wp\/v2\/posts\/17133\/revisions\/17136"}],"wp:featuredmedia":[{"embeddable":true,"href":"https:\/\/gazetaregionalna.com\/index.php?rest_route=\/wp\/v2\/media\/17135"}],"wp:attachment":[{"href":"https:\/\/gazetaregionalna.com\/index.php?rest_route=%2Fwp%2Fv2%2Fmedia&parent=17133"}],"wp:term":[{"taxonomy":"category","embeddable":true,"href":"https:\/\/gazetaregionalna.com\/index.php?rest_route=%2Fwp%2Fv2%2Fcategories&post=17133"},{"taxonomy":"post_tag","embeddable":true,"href":"https:\/\/gazetaregionalna.com\/index.php?rest_route=%2Fwp%2Fv2%2Ftags&post=17133"}],"curies":[{"name":"wp","href":"https:\/\/api.w.org\/{rel}","templated":true}]}}