{"id":16980,"date":"2020-07-24T15:30:47","date_gmt":"2020-07-24T15:30:47","guid":{"rendered":"https:\/\/gazetaregionalna.com\/?p=16980"},"modified":"2020-07-24T15:30:49","modified_gmt":"2020-07-24T15:30:49","slug":"rakow-czestochowa-19","status":"publish","type":"post","link":"https:\/\/gazetaregionalna.com\/?p=16980","title":{"rendered":"Rak\u00f3w Cz\u0119stochowa pozyska\u0142 17-latka z Mo\u0142dawii"},"content":{"rendered":"\n<p>Rak\u00f3w Cz\u0119stochowa stawia na szkolenie dzieci i m\u0142odzie\u017cy w swojej Akademii Rakowa. Dzia\u0142acze pozyskali 17-letniego Mo\u0142dawianina <strong>Tudora Butucla<\/strong>.  <\/p>\n\n\n\n<p><strong>Tudor Butucel<\/strong> to pierwszy obcokrajowiec w Akademii Rak\u00f3w Cz\u0119stochowa. To niezwykle zdolny 17-letni pi\u0142karz z Mo\u0142dawii. Zna kilka j\u0119zyk\u00f3w obcych, w tym j\u0119zyk polski. Nie ma wi\u0119c problemu z komunikacj\u0105.  <\/p>\n\n\n\n<p>Nowy m\u0142odzie\u017cowiec Rakowa to niezwykle utalentowany pi\u0142karz. Dobrze gra technicznie czy to na skrzydle czy w ataku. Od kilku lat jest reprezentantem Mo\u0142dawii w m\u0142odzie\u017cowych reprezentacjach tego kraju. Obecnie jest reprezentantem Mo\u0142dawii U18. <\/p>\n\n\n\n<p>Dzia\u0142acze Akademii Rak\u00f3w na czele z dyrektorem Akademii Rakowa Cz\u0119stochowa <strong>Markiem \u015aledziem<\/strong> wypowiadaj\u0105 si\u0119 bardzo obiecuj\u0105co o pi\u0142karzu z Mo\u0142dawii.  <\/p>\n\n\n\n<p><\/p>\n","protected":false},"excerpt":{"rendered":"<p>Rak\u00f3w Cz\u0119stochowa stawia na szkolenie dzieci i m\u0142odzie\u017cy w swojej Akademii Rakowa. Dzia\u0142acze pozyskali 17-letniego Mo\u0142dawianina Tudora Butucla. Tudor Butucel to pierwszy obcokrajowiec w<\/p>\n","protected":false},"author":15,"featured_media":10765,"comment_status":"open","ping_status":"open","sticky":false,"template":"","format":"standard","meta":{"_monsterinsights_skip_tracking":false,"_monsterinsights_sitenote_active":false,"_monsterinsights_sitenote_note":"","_monsterinsights_sitenote_category":0,"_uf_show_specific_survey":0,"_uf_disable_surveys":false,"footnotes":""},"categories":[5,6],"tags":[],"class_list":["post-16980","post","type-post","status-publish","format-standard","has-post-thumbnail","hentry","category-sport","category-pilka-nozna"],"_links":{"self":[{"href":"https:\/\/gazetaregionalna.com\/index.php?rest_route=\/wp\/v2\/posts\/16980","targetHints":{"allow":["GET"]}}],"collection":[{"href":"https:\/\/gazetaregionalna.com\/index.php?rest_route=\/wp\/v2\/posts"}],"about":[{"href":"https:\/\/gazetaregionalna.com\/index.php?rest_route=\/wp\/v2\/types\/post"}],"author":[{"embeddable":true,"href":"https:\/\/gazetaregionalna.com\/index.php?rest_route=\/wp\/v2\/users\/15"}],"replies":[{"embeddable":true,"href":"https:\/\/gazetaregionalna.com\/index.php?rest_route=%2Fwp%2Fv2%2Fcomments&post=16980"}],"version-history":[{"count":1,"href":"https:\/\/gazetaregionalna.com\/index.php?rest_route=\/wp\/v2\/posts\/16980\/revisions"}],"predecessor-version":[{"id":16981,"href":"https:\/\/gazetaregionalna.com\/index.php?rest_route=\/wp\/v2\/posts\/16980\/revisions\/16981"}],"wp:featuredmedia":[{"embeddable":true,"href":"https:\/\/gazetaregionalna.com\/index.php?rest_route=\/wp\/v2\/media\/10765"}],"wp:attachment":[{"href":"https:\/\/gazetaregionalna.com\/index.php?rest_route=%2Fwp%2Fv2%2Fmedia&parent=16980"}],"wp:term":[{"taxonomy":"category","embeddable":true,"href":"https:\/\/gazetaregionalna.com\/index.php?rest_route=%2Fwp%2Fv2%2Fcategories&post=16980"},{"taxonomy":"post_tag","embeddable":true,"href":"https:\/\/gazetaregionalna.com\/index.php?rest_route=%2Fwp%2Fv2%2Ftags&post=16980"}],"curies":[{"name":"wp","href":"https:\/\/api.w.org\/{rel}","templated":true}]}}