{"id":16975,"date":"2020-07-24T13:28:25","date_gmt":"2020-07-24T13:28:25","guid":{"rendered":"https:\/\/gazetaregionalna.com\/?p=16975"},"modified":"2020-07-24T13:28:27","modified_gmt":"2020-07-24T13:28:27","slug":"pula-nagrod","status":"publish","type":"post","link":"https:\/\/gazetaregionalna.com\/?p=16975","title":{"rendered":"Wzros\u0142a pula nagr\u00f3d na logo i nazw\u0119 nowego kompleksu basen\u00f3w w Radomsku!"},"content":{"rendered":"\n<h2 class=\"wp-block-heading\">Trwa konkurs na logo i nazw\u0119 nowego kompleksu basen\u00f3w. Pula nagr\u00f3d wzros\u0142a o <strong>4000 z\u0142<\/strong>.<\/h2>\n\n\n\n<p>Przypomnijmy, w Radomsku trwa budowa kompleksu obiekt\u00f3w sportowo-rekreacyjnych. Z tego powodu Urz\u0105d Miasta og\u0142osi\u0142 konkurs na logo i nazw\u0119 obiektu. Przewidziana nagroda to <strong>1600 z\u0142<\/strong> (800 z\u0142 za logo i 800 z\u0142 za nazw\u0119) .<\/p>\n\n\n\n<p>Dodatkowo\u00a0laureaci konkursu otrzymaj\u0105 po<strong>\u00a02000 z\u0142 brutto<\/strong>,\u00a0ufundowane przez wykonawc\u00f3w budowy, firmy <strong>Inkomet i Cortizo<\/strong>. W przypadku zwyci\u0119stwa logo i nazwy jednego autora podane kwoty si\u0119 sumuj\u0105.<\/p>\n\n\n\n<p>Wi\u0119cej szczeg\u00f3\u0142\u00f3w konkursu w artykule: \u201e<a href=\"https:\/\/gazetaregionalna.com\/w-radomsku-2\/\" class=\"rank-math-link\">W Radomsku trwa budowa nowego basenu. Pora nada\u0107 mu nazw\u0119 i logo!<\/a>\u201d <\/p>\n\n\n\n<figure class=\"wp-block-image size-large\"><img decoding=\"async\" width=\"730\" height=\"117\" data-src=\"https:\/\/gazetaregionalna.com\/wp-content\/uploads\/2020\/07\/firma-1.jpg\" alt=\"\" class=\"wp-image-16977 lazyload\" data-srcset=\"https:\/\/gazetaregionalna.com\/wp-content\/uploads\/2020\/07\/firma-1.jpg 730w, https:\/\/gazetaregionalna.com\/wp-content\/uploads\/2020\/07\/firma-1-300x48.jpg 300w, https:\/\/gazetaregionalna.com\/wp-content\/uploads\/2020\/07\/firma-1-696x112.jpg 696w\" data-sizes=\"(max-width: 730px) 100vw, 730px\" src=\"data:image\/svg+xml;base64,PHN2ZyB3aWR0aD0iMSIgaGVpZ2h0PSIxIiB4bWxucz0iaHR0cDovL3d3dy53My5vcmcvMjAwMC9zdmciPjwvc3ZnPg==\" style=\"--smush-placeholder-width: 730px; --smush-placeholder-aspect-ratio: 730\/117;\" \/><\/figure>\n\n\n\n<p>(\u0179r\u00f3d\u0142o: UM Radomsko)<\/p>\n","protected":false},"excerpt":{"rendered":"<p>Trwa konkurs na logo i nazw\u0119 nowego kompleksu basen\u00f3w. Pula nagr\u00f3d wzros\u0142a o 4000 z\u0142. Przypomnijmy, w Radomsku trwa budowa kompleksu obiekt\u00f3w sportowo-rekreacyjnych. Z<\/p>\n","protected":false},"author":12,"featured_media":16978,"comment_status":"open","ping_status":"open","sticky":false,"template":"","format":"standard","meta":{"_monsterinsights_skip_tracking":false,"_monsterinsights_sitenote_active":false,"_monsterinsights_sitenote_note":"","_monsterinsights_sitenote_category":0,"_uf_show_specific_survey":0,"_uf_disable_surveys":false,"footnotes":""},"categories":[94,28,5,2],"tags":[],"class_list":["post-16975","post","type-post","status-publish","format-standard","has-post-thumbnail","hentry","category-polecane","category-radomsko","category-sport","category-wiadomosci"],"_links":{"self":[{"href":"https:\/\/gazetaregionalna.com\/index.php?rest_route=\/wp\/v2\/posts\/16975","targetHints":{"allow":["GET"]}}],"collection":[{"href":"https:\/\/gazetaregionalna.com\/index.php?rest_route=\/wp\/v2\/posts"}],"about":[{"href":"https:\/\/gazetaregionalna.com\/index.php?rest_route=\/wp\/v2\/types\/post"}],"author":[{"embeddable":true,"href":"https:\/\/gazetaregionalna.com\/index.php?rest_route=\/wp\/v2\/users\/12"}],"replies":[{"embeddable":true,"href":"https:\/\/gazetaregionalna.com\/index.php?rest_route=%2Fwp%2Fv2%2Fcomments&post=16975"}],"version-history":[{"count":2,"href":"https:\/\/gazetaregionalna.com\/index.php?rest_route=\/wp\/v2\/posts\/16975\/revisions"}],"predecessor-version":[{"id":16979,"href":"https:\/\/gazetaregionalna.com\/index.php?rest_route=\/wp\/v2\/posts\/16975\/revisions\/16979"}],"wp:featuredmedia":[{"embeddable":true,"href":"https:\/\/gazetaregionalna.com\/index.php?rest_route=\/wp\/v2\/media\/16978"}],"wp:attachment":[{"href":"https:\/\/gazetaregionalna.com\/index.php?rest_route=%2Fwp%2Fv2%2Fmedia&parent=16975"}],"wp:term":[{"taxonomy":"category","embeddable":true,"href":"https:\/\/gazetaregionalna.com\/index.php?rest_route=%2Fwp%2Fv2%2Fcategories&post=16975"},{"taxonomy":"post_tag","embeddable":true,"href":"https:\/\/gazetaregionalna.com\/index.php?rest_route=%2Fwp%2Fv2%2Ftags&post=16975"}],"curies":[{"name":"wp","href":"https:\/\/api.w.org\/{rel}","templated":true}]}}