{"id":16955,"date":"2020-07-24T09:00:42","date_gmt":"2020-07-24T09:00:42","guid":{"rendered":"https:\/\/gazetaregionalna.com\/?p=16955"},"modified":"2020-07-24T09:28:51","modified_gmt":"2020-07-24T09:28:51","slug":"kurs-jezyka-angielskiego","status":"publish","type":"post","link":"https:\/\/gazetaregionalna.com\/?p=16955","title":{"rendered":"Bezp\u0142atny kurs j\u0119zyka angielskiego dla pracuj\u0105cych &#8211; GOK Herby"},"content":{"rendered":"\n<h2 class=\"wp-block-heading\">Gminny\nO\u015brodek Kultury w Herbach zaprasza osoby pracuj\u0105ce na bezp\u0142atny kurs j\u0119zyka\nangielskiego.<\/h2>\n\n\n\n<p>&nbsp;Je\u015bli masz sko\u0144czone 18 lat, pracujesz\ni&nbsp;chcesz nauczy\u0107 si\u0119 angielskiego od&nbsp;podstaw lub na wy\u017cszym poziomie,\nGOK Herby zaprasza na 120 godzin nauki.<\/p>\n\n\n\n<p>Szczeg\u00f3\u0142owe\ninformacje dost\u0119pne pod numerem telefonu 667&nbsp;672&nbsp;210 lub 579&nbsp;954&nbsp;907.<\/p>\n\n\n\n<p>(\u0179r\u00f3d\u0142o: GOK\nHerby)<\/p>\n","protected":false},"excerpt":{"rendered":"<p>Gminny O\u015brodek Kultury w Herbach zaprasza osoby pracuj\u0105ce na bezp\u0142atny kurs j\u0119zyka angielskiego. &nbsp;Je\u015bli masz sko\u0144czone 18 lat, pracujesz i&nbsp;chcesz nauczy\u0107 si\u0119 angielskiego od&nbsp;podstaw<\/p>\n","protected":false},"author":12,"featured_media":16957,"comment_status":"open","ping_status":"open","sticky":false,"template":"","format":"standard","meta":{"_monsterinsights_skip_tracking":false,"_monsterinsights_sitenote_active":false,"_monsterinsights_sitenote_note":"","_monsterinsights_sitenote_category":0,"_uf_show_specific_survey":0,"_uf_disable_surveys":false,"footnotes":""},"categories":[41,94,4,2],"tags":[],"class_list":["post-16955","post","type-post","status-publish","format-standard","has-post-thumbnail","hentry","category-edukacja","category-polecane","category-region","category-wiadomosci"],"_links":{"self":[{"href":"https:\/\/gazetaregionalna.com\/index.php?rest_route=\/wp\/v2\/posts\/16955","targetHints":{"allow":["GET"]}}],"collection":[{"href":"https:\/\/gazetaregionalna.com\/index.php?rest_route=\/wp\/v2\/posts"}],"about":[{"href":"https:\/\/gazetaregionalna.com\/index.php?rest_route=\/wp\/v2\/types\/post"}],"author":[{"embeddable":true,"href":"https:\/\/gazetaregionalna.com\/index.php?rest_route=\/wp\/v2\/users\/12"}],"replies":[{"embeddable":true,"href":"https:\/\/gazetaregionalna.com\/index.php?rest_route=%2Fwp%2Fv2%2Fcomments&post=16955"}],"version-history":[{"count":2,"href":"https:\/\/gazetaregionalna.com\/index.php?rest_route=\/wp\/v2\/posts\/16955\/revisions"}],"predecessor-version":[{"id":16958,"href":"https:\/\/gazetaregionalna.com\/index.php?rest_route=\/wp\/v2\/posts\/16955\/revisions\/16958"}],"wp:featuredmedia":[{"embeddable":true,"href":"https:\/\/gazetaregionalna.com\/index.php?rest_route=\/wp\/v2\/media\/16957"}],"wp:attachment":[{"href":"https:\/\/gazetaregionalna.com\/index.php?rest_route=%2Fwp%2Fv2%2Fmedia&parent=16955"}],"wp:term":[{"taxonomy":"category","embeddable":true,"href":"https:\/\/gazetaregionalna.com\/index.php?rest_route=%2Fwp%2Fv2%2Fcategories&post=16955"},{"taxonomy":"post_tag","embeddable":true,"href":"https:\/\/gazetaregionalna.com\/index.php?rest_route=%2Fwp%2Fv2%2Ftags&post=16955"}],"curies":[{"name":"wp","href":"https:\/\/api.w.org\/{rel}","templated":true}]}}