{"id":16948,"date":"2020-07-24T08:31:47","date_gmt":"2020-07-24T08:31:47","guid":{"rendered":"https:\/\/gazetaregionalna.com\/?p=16948"},"modified":"2020-07-24T08:31:49","modified_gmt":"2020-07-24T08:31:49","slug":"jolanta-urbanska","status":"publish","type":"post","link":"https:\/\/gazetaregionalna.com\/?p=16948","title":{"rendered":"Jolanta Urba\u0144ska nowo ustanowion\u0105 konsultantk\u0105 ds. spo\u0142eczno\u015bci \u017cydowskiej"},"content":{"rendered":"\n<h2 class=\"wp-block-heading\">23 lipca 2020 roku w czwartek Prezydent Cz\u0119stochowy Krzysztof Matyjaszczyk ustanowi\u0142 Jolant\u0119 Urba\u0144sk\u0105 nowym konsultantem ds. spo\u0142eczno\u015bci \u017cydowskiej.<\/h2>\n\n\n\n<p>Nowy konsultant b\u0119dzie si\u0119 zajmowa\u0107 konsultowaniem i analiz\u0105 dzia\u0142a\u0144 maj\u0105cych na celu rozw\u00f3j wsp\u00f3\u0142pracy gminy ze spo\u0142eczno\u015bci\u0105 \u017cydowsk\u0105; przygotowywaniem wytycznych i koordynowaniem dzia\u0142a\u0144 realizowanych przez gmin\u0119 w zakresie ochrony dziedzictwa kulturowego spo\u0142eczno\u015bci \u017cydowskiej; inspirowaniem przedsi\u0119wzi\u0119\u0107 s\u0142u\u017c\u0105cych wzmacnianiu kontakt\u00f3w lokalnej spo\u0142eczno\u015bci \u017cydowskiej z mieszkankami i mieszka\u0144cami miasta; wspieraniem wszelkich inicjatyw podejmowanych przez lokaln\u0105 i mi\u0119dzynarodow\u0105 spo\u0142eczno\u015b\u0107 \u017cydowsk\u0105, maj\u0105cych na celu piel\u0119gnowanie tradycji i zachowanie pami\u0119ci o cz\u0119stochowskich \u017bydach oraz motywowaniem m\u0142odzie\u017cy do podejmowania aktywno\u015bci buduj\u0105cych trwa\u0142e relacje ze spo\u0142eczno\u015bci\u0105 \u017cydowsk\u0105.<\/p>\n\n\n\n<p>Wcze\u015bniej prezydent Krzysztof Matyjaszczyk ustanowi\u0142 Ma\u0142gorzat\u0119 I\u017cy\u0144sk\u0105 &#8211; spo\u0142ecznym konsultantem ds. ochrony zwierz\u0105t, Dariusza Kapinosa &#8211; spo\u0142ecznym konsultantem ds. wsp\u00f3\u0142pracy z NGO, \u0141ukasza Kota &#8211; spo\u0142ecznym konsultantem ds. komunikacji rowerowej i ruchu pieszego, Tomasza Tyla &#8211; Rzecznikiem Os\u00f3b z Niepe\u0142nosprawno\u015bci\u0105.<\/p>\n\n\n\n<figure class=\"wp-block-image size-large\"><img decoding=\"async\" width=\"900\" height=\"598\" data-src=\"https:\/\/gazetaregionalna.com\/wp-content\/uploads\/2020\/07\/zdj\u0119cie-um.jpg\" alt=\"\" class=\"wp-image-16951 lazyload\" data-srcset=\"https:\/\/gazetaregionalna.com\/wp-content\/uploads\/2020\/07\/zdj\u0119cie-um.jpg 900w, https:\/\/gazetaregionalna.com\/wp-content\/uploads\/2020\/07\/zdj\u0119cie-um-300x199.jpg 300w, https:\/\/gazetaregionalna.com\/wp-content\/uploads\/2020\/07\/zdj\u0119cie-um-768x510.jpg 768w, https:\/\/gazetaregionalna.com\/wp-content\/uploads\/2020\/07\/zdj\u0119cie-um-696x462.jpg 696w, https:\/\/gazetaregionalna.com\/wp-content\/uploads\/2020\/07\/zdj\u0119cie-um-632x420.jpg 632w\" data-sizes=\"(max-width: 900px) 100vw, 900px\" src=\"data:image\/svg+xml;base64,PHN2ZyB3aWR0aD0iMSIgaGVpZ2h0PSIxIiB4bWxucz0iaHR0cDovL3d3dy53My5vcmcvMjAwMC9zdmciPjwvc3ZnPg==\" style=\"--smush-placeholder-width: 900px; --smush-placeholder-aspect-ratio: 900\/598;\" \/><figcaption>(Fot: UM Cz\u0119stochowa)<\/figcaption><\/figure>\n\n\n\n<p>(\u0179r\u00f3d\u0142o: UM Cz\u0119stochowa)<\/p>\n","protected":false},"excerpt":{"rendered":"<p>23 lipca 2020 roku w czwartek Prezydent Cz\u0119stochowy Krzysztof Matyjaszczyk ustanowi\u0142 Jolant\u0119 Urba\u0144sk\u0105 nowym konsultantem ds. spo\u0142eczno\u015bci \u017cydowskiej. Nowy konsultant b\u0119dzie si\u0119 zajmowa\u0107 konsultowaniem<\/p>\n","protected":false},"author":12,"featured_media":16950,"comment_status":"open","ping_status":"open","sticky":false,"template":"","format":"standard","meta":{"_monsterinsights_skip_tracking":false,"_monsterinsights_sitenote_active":false,"_monsterinsights_sitenote_note":"","_monsterinsights_sitenote_category":0,"_uf_show_specific_survey":0,"_uf_disable_surveys":false,"footnotes":""},"categories":[94,3,2],"tags":[],"class_list":["post-16948","post","type-post","status-publish","format-standard","has-post-thumbnail","hentry","category-polecane","category-czestochowa-informacje","category-wiadomosci"],"_links":{"self":[{"href":"https:\/\/gazetaregionalna.com\/index.php?rest_route=\/wp\/v2\/posts\/16948","targetHints":{"allow":["GET"]}}],"collection":[{"href":"https:\/\/gazetaregionalna.com\/index.php?rest_route=\/wp\/v2\/posts"}],"about":[{"href":"https:\/\/gazetaregionalna.com\/index.php?rest_route=\/wp\/v2\/types\/post"}],"author":[{"embeddable":true,"href":"https:\/\/gazetaregionalna.com\/index.php?rest_route=\/wp\/v2\/users\/12"}],"replies":[{"embeddable":true,"href":"https:\/\/gazetaregionalna.com\/index.php?rest_route=%2Fwp%2Fv2%2Fcomments&post=16948"}],"version-history":[{"count":2,"href":"https:\/\/gazetaregionalna.com\/index.php?rest_route=\/wp\/v2\/posts\/16948\/revisions"}],"predecessor-version":[{"id":16952,"href":"https:\/\/gazetaregionalna.com\/index.php?rest_route=\/wp\/v2\/posts\/16948\/revisions\/16952"}],"wp:featuredmedia":[{"embeddable":true,"href":"https:\/\/gazetaregionalna.com\/index.php?rest_route=\/wp\/v2\/media\/16950"}],"wp:attachment":[{"href":"https:\/\/gazetaregionalna.com\/index.php?rest_route=%2Fwp%2Fv2%2Fmedia&parent=16948"}],"wp:term":[{"taxonomy":"category","embeddable":true,"href":"https:\/\/gazetaregionalna.com\/index.php?rest_route=%2Fwp%2Fv2%2Fcategories&post=16948"},{"taxonomy":"post_tag","embeddable":true,"href":"https:\/\/gazetaregionalna.com\/index.php?rest_route=%2Fwp%2Fv2%2Ftags&post=16948"}],"curies":[{"name":"wp","href":"https:\/\/api.w.org\/{rel}","templated":true}]}}