{"id":16937,"date":"2020-07-24T08:08:19","date_gmt":"2020-07-24T08:08:19","guid":{"rendered":"https:\/\/gazetaregionalna.com\/?p=16937"},"modified":"2020-07-24T08:35:40","modified_gmt":"2020-07-24T08:35:40","slug":"9-rocznica-smierci","status":"publish","type":"post","link":"https:\/\/gazetaregionalna.com\/?p=16937","title":{"rendered":"9 rocznica \u015bmierci Janusza Gniatowskiego, Honorowego Obywatela Poraja."},"content":{"rendered":"\n<h2 class=\"wp-block-heading\">Dzi\u015b Gmina Poraj wspomina 9 rocznic\u0119 \u015bmierci Wielkiego Artysty i Honorowego Obywatela, Janusza Gniatowskiego,&nbsp;a od 2012&nbsp;r.&nbsp;Patrona&nbsp;Gminnego O\u015brodka Kultury.<\/h2>\n\n\n\n<p>Janusz Gniatkowski (ur. 6 czerwca 1928 r.&nbsp;we&nbsp;Lwowie)&nbsp;by\u0142 jednym z najpopularniejszych piosenkarzy lat 50. i 60. ubieg\u0142ego wieku. Wylansowa\u0142 takie hity jak: \u201eApasjonata\u201d, \u201eBella bella donna\u201d, \u201eArrivederci Roma\u201d, \u201eB\u0142\u0119kitny ma\u0142y kwiat\u201d, \u201eBolero\u201d, \u201ePie\u015b\u0144 mi\u0142o\u015bci\u201d, \u201ePiosenka kuba\u0144ska\u201d, \u201ePozory myl\u0105\u201d, \u201eSpokojnej nocy\u201d, \u201eTylko serce nie u\u015bnie\u201d, \u201eMexicana\u201d, \u201eVolare\u201d, \u201eZa kilka lat\u201d.<\/p>\n\n\n\n<p>Charakteryzowa\u0142 go niepowtarzalny urok osobisty, elegancja i fascynuj\u0105ca osobowo\u015b\u0107 estradowa. Uwielbiany przez fan\u00f3w za niepowtarzalny g\u0142os \u2013 wyj\u0105tkowy, ciep\u0142y, o du\u017cej skali, sile i przepi\u0119knej barwie, kt\u00f3ry p\u00f3\u017aniej wielu wykonawc\u00f3w stara\u0142o si\u0119 na\u015bladowa\u0107. Koncertowa\u0142 w wielu krajach..<\/p>\n\n\n\n<p>W dzieci\u0144stwie nale\u017ca\u0142 do ch\u00f3ru ko\u015bcielnego. Po II wojnie \u015bwiatowej, w 1946 roku, osiad\u0142 w Katowicach.<\/p>\n\n\n\n<p>Jego talentem zainteresowa\u0142 si\u0119 Waldemar Kazanecki. Pierwsze nagrania zarejestrowa\u0142 z katowickim zespo\u0142em Jerzego Heralda w 1954 r. Rok p\u00f3\u017aniej z Natasz\u0105 Zylsk\u0105 i Janem Dankiem ruszy\u0142 na tourn\u00e9e po Polsce, ZSRR, NRD, Czechos\u0142owacji, Mongolii, RFN, Francji i Austrii. Potem cz\u0119sto wyje\u017cd\u017ca\u0142 do USA, Kanady, Australii. Nagrywa\u0142 z orkiestrami Jana Cajmera i Zygmunta Wicharego. Niestety karier\u0119 Janusza Gniatkowskiego przerwa\u0142 powa\u017cny wypadek samochodowy w 1991 r., po kt\u00f3rym artysta d\u0142ugo wraca\u0142 do zdrowia \u2013 przez dwa miesi\u0105ce by\u0142 nieprzytomny, p\u00f3\u017aniej przez wiele dni odzyskiwa\u0142 pami\u0119\u0107. D\u0142ugotrwa\u0142a rehabilitacja przynios\u0142a jednak efekty.&nbsp;W 1999r. za wybitne zas\u0142ugi w pracy artystycznej zosta\u0142 odznaczony Krzy\u017cem Kawalerskim Orderu Odrodzenia Polski.<\/p>\n\n\n\n<p>Swoje 50-lecie dzia\u0142alno\u015bci\nartystycznej \u015bwi\u0119towa\u0142 w 2004 roku w Filharmonii Cz\u0119stochowskiej. Koncert zarejestrowa\u0142a i\nemitowa\u0142a TVP.&nbsp;<\/p>\n\n\n\n<p>15 i 16 wrze\u015bnia 2007 roku w Poraju, gdzie artysta zamieszka\u0142 wraz z \u017con\u0105 Krystyn\u0105 Maciejewsk\u0105, odby\u0142 si\u0119 I Festiwal Piosenek Janusza Gniatkowskiego, w kt\u00f3rym za\u015bpiewa\u0142 sam artysta,&nbsp;natomiast 15 czerwca 2008&nbsp;r., z okazji 80. urodzin Janusza Gniatkowskiego, odby\u0142 si\u0119 uroczysty koncert, na kt\u00f3rym tak\u017ce \u015bpiewa\u0142 Jubilat. W dniach 13-14 wrze\u015bnia 2008&nbsp;r.&nbsp;mia\u0142 miejsce II Festiwal Piosenek Janusza Gniatkowskiego, r\u00f3wnie\u017c z jego udzia\u0142em.<\/p>\n\n\n\n<p>24 lipca 2011 r. w niedziel\u0119 Janusz Gniatkowski zmar\u0142 nagle w swoim domu w Poraju. Spocz\u0105\u0142 w Alei Zas\u0142u\u017conych cz\u0119stochowskiego cmentarza Kule. Fani co roku spotykaj\u0105 si\u0119 przy grobie, czcz\u0105c pami\u0119\u0107 tego&nbsp;Wielkiego&nbsp;Artysty. Zapewne dzi\u015b r\u00f3wnie\u017c ich nie zabraknie o godzinie 15. &nbsp;<\/p>\n\n\n\n<p>W tym roku ze wzgl\u0119du na sytuacj\u0119 epidemiczn\u0105, XI edycja\u00a0Og\u00f3lnopolskiego Festiwalu Piosenek Janusza Gniatkowskiego odb\u0119dzie si\u0119 tylko w formie online. Regulamin i Karta zg\u0142oszenia b\u0119d\u0105 dost\u0119pne na stronie\u00a0<a href=\"http:\/\/www.gokporaj.pl\/\" class=\"rank-math-link\" target=\"_blank\" rel=\"noopener\">www.gokporaj.pl<\/a>\u00a0od poniedzia\u0142ku 27.07.2020. <\/p>\n\n\n\n<p>[post_gallery]<\/p>\n\n\n\n<p>(\u0179r\u00f3d\u0142o: Gmina Poraj)<\/p>\n","protected":false},"excerpt":{"rendered":"<p>Dzi\u015b Gmina Poraj wspomina 9 rocznic\u0119 \u015bmierci Wielkiego Artysty i Honorowego Obywatela, Janusza Gniatowskiego,&nbsp;a od 2012&nbsp;r.&nbsp;Patrona&nbsp;Gminnego O\u015brodka Kultury. Janusz Gniatkowski (ur. 6 czerwca 1928<\/p>\n","protected":false},"author":12,"featured_media":16943,"comment_status":"open","ping_status":"open","sticky":false,"template":"","format":"standard","meta":{"_monsterinsights_skip_tracking":false,"_monsterinsights_sitenote_active":false,"_monsterinsights_sitenote_note":"","_monsterinsights_sitenote_category":0,"_uf_show_specific_survey":0,"_uf_disable_surveys":false,"footnotes":""},"categories":[94,26,4,2],"tags":[],"class_list":["post-16937","post","type-post","status-publish","format-standard","has-post-thumbnail","hentry","category-polecane","category-myszkow","category-region","category-wiadomosci"],"_links":{"self":[{"href":"https:\/\/gazetaregionalna.com\/index.php?rest_route=\/wp\/v2\/posts\/16937","targetHints":{"allow":["GET"]}}],"collection":[{"href":"https:\/\/gazetaregionalna.com\/index.php?rest_route=\/wp\/v2\/posts"}],"about":[{"href":"https:\/\/gazetaregionalna.com\/index.php?rest_route=\/wp\/v2\/types\/post"}],"author":[{"embeddable":true,"href":"https:\/\/gazetaregionalna.com\/index.php?rest_route=\/wp\/v2\/users\/12"}],"replies":[{"embeddable":true,"href":"https:\/\/gazetaregionalna.com\/index.php?rest_route=%2Fwp%2Fv2%2Fcomments&post=16937"}],"version-history":[{"count":4,"href":"https:\/\/gazetaregionalna.com\/index.php?rest_route=\/wp\/v2\/posts\/16937\/revisions"}],"predecessor-version":[{"id":16954,"href":"https:\/\/gazetaregionalna.com\/index.php?rest_route=\/wp\/v2\/posts\/16937\/revisions\/16954"}],"wp:featuredmedia":[{"embeddable":true,"href":"https:\/\/gazetaregionalna.com\/index.php?rest_route=\/wp\/v2\/media\/16943"}],"wp:attachment":[{"href":"https:\/\/gazetaregionalna.com\/index.php?rest_route=%2Fwp%2Fv2%2Fmedia&parent=16937"}],"wp:term":[{"taxonomy":"category","embeddable":true,"href":"https:\/\/gazetaregionalna.com\/index.php?rest_route=%2Fwp%2Fv2%2Fcategories&post=16937"},{"taxonomy":"post_tag","embeddable":true,"href":"https:\/\/gazetaregionalna.com\/index.php?rest_route=%2Fwp%2Fv2%2Ftags&post=16937"}],"curies":[{"name":"wp","href":"https:\/\/api.w.org\/{rel}","templated":true}]}}