{"id":16909,"date":"2020-07-23T14:04:40","date_gmt":"2020-07-23T14:04:40","guid":{"rendered":"https:\/\/gazetaregionalna.com\/?p=16909"},"modified":"2020-07-23T14:04:42","modified_gmt":"2020-07-23T14:04:42","slug":"cwiczenia-policyjnych-wodniakow","status":"publish","type":"post","link":"https:\/\/gazetaregionalna.com\/?p=16909","title":{"rendered":"W Poraju odby\u0142y si\u0119 \u0107wiczenia policyjnych wodniak\u00f3w"},"content":{"rendered":"\n<h2 class=\"wp-block-heading\">Na terenie zbiornika wodnego w Poraju policyjni p\u0142ywacy z Myszkowa i Cz\u0119stochowy odbyli szkolenie, w czasie kt\u00f3rego doskonalili swoje umiej\u0119tno\u015bci.<\/h2>\n\n\n\n<figure class=\"wp-block-image size-large\"><img decoding=\"async\" width=\"970\" height=\"730\" data-src=\"https:\/\/gazetaregionalna.com\/wp-content\/uploads\/2020\/07\/policja-woda.jpg\" alt=\"\" class=\"wp-image-16913 lazyload\" data-srcset=\"https:\/\/gazetaregionalna.com\/wp-content\/uploads\/2020\/07\/policja-woda.jpg 970w, https:\/\/gazetaregionalna.com\/wp-content\/uploads\/2020\/07\/policja-woda-300x226.jpg 300w, https:\/\/gazetaregionalna.com\/wp-content\/uploads\/2020\/07\/policja-woda-768x578.jpg 768w, https:\/\/gazetaregionalna.com\/wp-content\/uploads\/2020\/07\/policja-woda-80x60.jpg 80w, https:\/\/gazetaregionalna.com\/wp-content\/uploads\/2020\/07\/policja-woda-265x198.jpg 265w, https:\/\/gazetaregionalna.com\/wp-content\/uploads\/2020\/07\/policja-woda-696x524.jpg 696w, https:\/\/gazetaregionalna.com\/wp-content\/uploads\/2020\/07\/policja-woda-558x420.jpg 558w\" data-sizes=\"(max-width: 970px) 100vw, 970px\" src=\"data:image\/svg+xml;base64,PHN2ZyB3aWR0aD0iMSIgaGVpZ2h0PSIxIiB4bWxucz0iaHR0cDovL3d3dy53My5vcmcvMjAwMC9zdmciPjwvc3ZnPg==\" style=\"--smush-placeholder-width: 970px; --smush-placeholder-aspect-ratio: 970\/730;\" \/><\/figure>\n\n\n\n<p>Cykliczne szkolenia wodniak\u00f3w maj\u0105 na celu doskonalenie umiej\u0119tno\u015bci&nbsp; p\u0142ywackich i ratowniczych\noraz wzajemnej wsp\u00f3\u0142pracy podczas prowadzonych akcji ratowniczych na wodzie.\nZdobyte kwalifikacje wykorzystaj\u0105 szczeg\u00f3lnie teraz, w sezonie letnim, w trosce\no bezpiecze\u0144stwo wypoczywaj\u0105cych nad wod\u0105. <\/p>\n\n\n\n<p>Ka\u017cda\ninterwencja wodna jest bardzo dynamiczna i niebezpieczna. Nie do\u015b\u0107, \u017ce walka z\n\u017cywio\u0142em jest trudna to kluczow\u0105 rol\u0119 odgrywa tu czas, szczeg\u00f3lnie gdy w gr\u0119\nwchodzi walka o ludzkie \u017cycie i zdrowie. Dlatego funkcjonariusze prawa ca\u0142y\nczas usprawniaj\u0105 i podnosz\u0105 swoje kwalifikacje zawodowe po to, aby dzia\u0142a\u0107\njeszcze szybciej, sprawniej i skuteczniej.&nbsp;<\/p>\n\n\n\n<p>Za\u0142\u0105czony materia\u0142 wideo to fragment doskonalenia zawodowego, kt\u00f3re odby\u0142o si\u0119 w Poraju.<\/p>\n\n\n\n<figure class=\"wp-block-video\"><video controls src=\"https:\/\/gazetaregionalna.com\/wp-content\/uploads\/2020\/07\/policja-woda.mp4\"><\/video><\/figure>\n\n\n\n<p>(\u0179r\u00f3d\u0142o: KPP Myszk\u00f3w)<\/p>\n","protected":false},"excerpt":{"rendered":"<p>Na terenie zbiornika wodnego w Poraju policyjni p\u0142ywacy z Myszkowa i Cz\u0119stochowy odbyli szkolenie, w czasie kt\u00f3rego doskonalili swoje umiej\u0119tno\u015bci. Cykliczne szkolenia wodniak\u00f3w maj\u0105<\/p>\n","protected":false},"author":12,"featured_media":16912,"comment_status":"open","ping_status":"open","sticky":false,"template":"","format":"standard","meta":{"_monsterinsights_skip_tracking":false,"_monsterinsights_sitenote_active":false,"_monsterinsights_sitenote_note":"","_monsterinsights_sitenote_category":0,"_uf_show_specific_survey":0,"_uf_disable_surveys":false,"footnotes":""},"categories":[44,3,26,94,13],"tags":[],"class_list":["post-16909","post","type-post","status-publish","format-standard","has-post-thumbnail","hentry","category-bezpieczenstwo","category-czestochowa-informacje","category-myszkow","category-polecane","category-wydarzenia"],"_links":{"self":[{"href":"https:\/\/gazetaregionalna.com\/index.php?rest_route=\/wp\/v2\/posts\/16909","targetHints":{"allow":["GET"]}}],"collection":[{"href":"https:\/\/gazetaregionalna.com\/index.php?rest_route=\/wp\/v2\/posts"}],"about":[{"href":"https:\/\/gazetaregionalna.com\/index.php?rest_route=\/wp\/v2\/types\/post"}],"author":[{"embeddable":true,"href":"https:\/\/gazetaregionalna.com\/index.php?rest_route=\/wp\/v2\/users\/12"}],"replies":[{"embeddable":true,"href":"https:\/\/gazetaregionalna.com\/index.php?rest_route=%2Fwp%2Fv2%2Fcomments&post=16909"}],"version-history":[{"count":2,"href":"https:\/\/gazetaregionalna.com\/index.php?rest_route=\/wp\/v2\/posts\/16909\/revisions"}],"predecessor-version":[{"id":16914,"href":"https:\/\/gazetaregionalna.com\/index.php?rest_route=\/wp\/v2\/posts\/16909\/revisions\/16914"}],"wp:featuredmedia":[{"embeddable":true,"href":"https:\/\/gazetaregionalna.com\/index.php?rest_route=\/wp\/v2\/media\/16912"}],"wp:attachment":[{"href":"https:\/\/gazetaregionalna.com\/index.php?rest_route=%2Fwp%2Fv2%2Fmedia&parent=16909"}],"wp:term":[{"taxonomy":"category","embeddable":true,"href":"https:\/\/gazetaregionalna.com\/index.php?rest_route=%2Fwp%2Fv2%2Fcategories&post=16909"},{"taxonomy":"post_tag","embeddable":true,"href":"https:\/\/gazetaregionalna.com\/index.php?rest_route=%2Fwp%2Fv2%2Ftags&post=16909"}],"curies":[{"name":"wp","href":"https:\/\/api.w.org\/{rel}","templated":true}]}}