{"id":16904,"date":"2020-07-23T13:31:02","date_gmt":"2020-07-23T13:31:02","guid":{"rendered":"https:\/\/gazetaregionalna.com\/?p=16904"},"modified":"2020-07-23T13:31:05","modified_gmt":"2020-07-23T13:31:05","slug":"wieczor-muzyczny","status":"publish","type":"post","link":"https:\/\/gazetaregionalna.com\/?p=16904","title":{"rendered":"Wiecz\u00f3r muzyczny w Galerii pod Glinianym Anio\u0142em w Lubli\u0144cu"},"content":{"rendered":"\n<h2 class=\"wp-block-heading\">W niedzielny wiecz\u00f3r 2 sierpnia, tu\u017c po zako\u0144czeniu warsztat\u00f3w rodzinnych (godz. 18.00), MDK Lubliniec zaprasza na wiecz\u00f3r muzyczny do Galerii pod Glinianym Anio\u0142em.<\/h2>\n\n\n\n<p>Kameralny koncert \u201eCo\u015b optymistycznego\u201d &nbsp;to pierwsza tego typu propozycja sp\u0119dzania wolnego\nczasu w ka\u017cd\u0105 niedziel\u0119, zaraz po warsztatach rodzinnych, przy dobrych d\u017awi\u0119kach\ni smacznej kawie czy herbacie. <\/p>\n\n\n\n<p>W pierwszym mini-koncercie wyst\u0105pi zesp\u00f3\u0142 w sk\u0142adzie: Martyna M\u0142ynarska-Modli\u0144ska, Karol Kukowka, Wojciech Kry\u015b i Jakub Osuchowski.\u00a0<\/p>\n\n\n\n<p>Godzina rozpocz\u0119cia od 18:00 do 19:00.<\/p>\n\n\n\n<p>(\u0179r\u00f3d\u0142o: MDK Lubliniec)<\/p>\n","protected":false},"excerpt":{"rendered":"<p>W niedzielny wiecz\u00f3r 2 sierpnia, tu\u017c po zako\u0144czeniu warsztat\u00f3w rodzinnych (godz. 18.00), MDK Lubliniec zaprasza na wiecz\u00f3r muzyczny do Galerii pod Glinianym Anio\u0142em. Kameralny<\/p>\n","protected":false},"author":12,"featured_media":16907,"comment_status":"open","ping_status":"open","sticky":false,"template":"","format":"standard","meta":{"_monsterinsights_skip_tracking":false,"_monsterinsights_sitenote_active":false,"_monsterinsights_sitenote_note":"","_monsterinsights_sitenote_category":0,"_uf_show_specific_survey":0,"_uf_disable_surveys":false,"footnotes":""},"categories":[12,25,94,2,13,30],"tags":[],"class_list":["post-16904","post","type-post","status-publish","format-standard","has-post-thumbnail","hentry","category-kultura-i-rozrywka","category-lubliniec","category-polecane","category-wiadomosci","category-wydarzenia","category-wypoczynek"],"_links":{"self":[{"href":"https:\/\/gazetaregionalna.com\/index.php?rest_route=\/wp\/v2\/posts\/16904","targetHints":{"allow":["GET"]}}],"collection":[{"href":"https:\/\/gazetaregionalna.com\/index.php?rest_route=\/wp\/v2\/posts"}],"about":[{"href":"https:\/\/gazetaregionalna.com\/index.php?rest_route=\/wp\/v2\/types\/post"}],"author":[{"embeddable":true,"href":"https:\/\/gazetaregionalna.com\/index.php?rest_route=\/wp\/v2\/users\/12"}],"replies":[{"embeddable":true,"href":"https:\/\/gazetaregionalna.com\/index.php?rest_route=%2Fwp%2Fv2%2Fcomments&post=16904"}],"version-history":[{"count":3,"href":"https:\/\/gazetaregionalna.com\/index.php?rest_route=\/wp\/v2\/posts\/16904\/revisions"}],"predecessor-version":[{"id":16908,"href":"https:\/\/gazetaregionalna.com\/index.php?rest_route=\/wp\/v2\/posts\/16904\/revisions\/16908"}],"wp:featuredmedia":[{"embeddable":true,"href":"https:\/\/gazetaregionalna.com\/index.php?rest_route=\/wp\/v2\/media\/16907"}],"wp:attachment":[{"href":"https:\/\/gazetaregionalna.com\/index.php?rest_route=%2Fwp%2Fv2%2Fmedia&parent=16904"}],"wp:term":[{"taxonomy":"category","embeddable":true,"href":"https:\/\/gazetaregionalna.com\/index.php?rest_route=%2Fwp%2Fv2%2Fcategories&post=16904"},{"taxonomy":"post_tag","embeddable":true,"href":"https:\/\/gazetaregionalna.com\/index.php?rest_route=%2Fwp%2Fv2%2Ftags&post=16904"}],"curies":[{"name":"wp","href":"https:\/\/api.w.org\/{rel}","templated":true}]}}