{"id":16850,"date":"2020-07-23T08:44:03","date_gmt":"2020-07-23T08:44:03","guid":{"rendered":"https:\/\/gazetaregionalna.com\/?p=16850"},"modified":"2020-07-23T08:44:05","modified_gmt":"2020-07-23T08:44:05","slug":"joanna-przetakiewicz","status":"publish","type":"post","link":"https:\/\/gazetaregionalna.com\/?p=16850","title":{"rendered":"Joanna Przetakiewicz z akcj\u0105 \u201e#niebojesie&#8221; w Radomsku"},"content":{"rendered":"\n<h2 class=\"wp-block-heading\">Autorka ksi\u0105\u017cki \u201eNie ba\u0142am si\u0119 o tym rozmawia\u0107\u201d Joanna Przetakiewicz odwiedzi\u0142a Radomsko, promuj\u0105c akcj\u0119 \u201e#niebojesie&#8221;. <\/h2>\n\n\n\n<p>Akcja #niebojesie to inicjatywa Joanny Przetakiewicz oraz ruchu spo\u0142ecznego Era Nowych Kobiet. Ma ona na celu zach\u0119cenie wszystkich kobiet do odwagi i otwartego m\u00f3wienia o swoich prze\u017cyciach, problemach oraz potrzebach. Spotkanie by\u0142o dobr\u0105 okazj\u0105 do rozmowy i osobistego poznania kobiet, kt\u00f3re nie ba\u0142y si\u0119 opowiedzie\u0107 o sobie. Ka\u017cda z tych historii jest dowodem na to, \u017ce nie ma sytuacji bez wyj\u015bcia. <\/p>\n\n\n\n<p>&#8211;\u00a0\u201e<em>Nasz cel jest bardzo prosty. Chcemy wsp\u00f3lnie z psychologami pokaza\u0107 kobietom, \u017ce odczuwanie szcz\u0119\u015bcia to nie jest kaprys. Niestety najnowsze badania pokazuj\u0105, \u017ce zaledwie 21 procent Polek deklaruje, \u017ce czuj\u0105 si\u0119 szcz\u0119\u015bliwe. Pokazujemy, \u017ce dbanie o siebie to nie jest egoizm, a szukanie osoby, z kt\u00f3r\u0105 mo\u017cna szczerze porozmawia\u0107 jest jedn\u0105 z najwa\u017cniejszych ludzkich potrzeb\u201d<\/em>\u00a0\u2013 wyja\u015bnia Joanna Przetakiewicz.<\/p>\n\n\n\n<p>Spotkanie odby\u0142o si\u0119 w restauracji Las, w kt\u00f3rym udzia\u0142 wzi\u0105\u0142 tak\u017ce prezydent Radomska Jaros\u0142aw Ferenc.<\/p>\n\n\n\n<p>[post_gallery]<\/p>\n\n\n\n<p>(\u0179r\u00f3d\u0142o: UM Radomsko)<\/p>\n","protected":false},"excerpt":{"rendered":"<p>Autorka ksi\u0105\u017cki \u201eNie ba\u0142am si\u0119 o tym rozmawia\u0107\u201d Joanna Przetakiewicz odwiedzi\u0142a Radomsko, promuj\u0105c akcj\u0119 \u201e#niebojesie&#8221;. Akcja #niebojesie to inicjatywa Joanny Przetakiewicz oraz ruchu spo\u0142ecznego<\/p>\n","protected":false},"author":12,"featured_media":16855,"comment_status":"open","ping_status":"open","sticky":false,"template":"","format":"standard","meta":{"_monsterinsights_skip_tracking":false,"_monsterinsights_sitenote_active":false,"_monsterinsights_sitenote_note":"","_monsterinsights_sitenote_category":0,"_uf_show_specific_survey":0,"_uf_disable_surveys":false,"footnotes":""},"categories":[13,94,28],"tags":[],"class_list":["post-16850","post","type-post","status-publish","format-standard","has-post-thumbnail","hentry","category-wydarzenia","category-polecane","category-radomsko"],"_links":{"self":[{"href":"https:\/\/gazetaregionalna.com\/index.php?rest_route=\/wp\/v2\/posts\/16850","targetHints":{"allow":["GET"]}}],"collection":[{"href":"https:\/\/gazetaregionalna.com\/index.php?rest_route=\/wp\/v2\/posts"}],"about":[{"href":"https:\/\/gazetaregionalna.com\/index.php?rest_route=\/wp\/v2\/types\/post"}],"author":[{"embeddable":true,"href":"https:\/\/gazetaregionalna.com\/index.php?rest_route=\/wp\/v2\/users\/12"}],"replies":[{"embeddable":true,"href":"https:\/\/gazetaregionalna.com\/index.php?rest_route=%2Fwp%2Fv2%2Fcomments&post=16850"}],"version-history":[{"count":2,"href":"https:\/\/gazetaregionalna.com\/index.php?rest_route=\/wp\/v2\/posts\/16850\/revisions"}],"predecessor-version":[{"id":16861,"href":"https:\/\/gazetaregionalna.com\/index.php?rest_route=\/wp\/v2\/posts\/16850\/revisions\/16861"}],"wp:featuredmedia":[{"embeddable":true,"href":"https:\/\/gazetaregionalna.com\/index.php?rest_route=\/wp\/v2\/media\/16855"}],"wp:attachment":[{"href":"https:\/\/gazetaregionalna.com\/index.php?rest_route=%2Fwp%2Fv2%2Fmedia&parent=16850"}],"wp:term":[{"taxonomy":"category","embeddable":true,"href":"https:\/\/gazetaregionalna.com\/index.php?rest_route=%2Fwp%2Fv2%2Fcategories&post=16850"},{"taxonomy":"post_tag","embeddable":true,"href":"https:\/\/gazetaregionalna.com\/index.php?rest_route=%2Fwp%2Fv2%2Ftags&post=16850"}],"curies":[{"name":"wp","href":"https:\/\/api.w.org\/{rel}","templated":true}]}}