{"id":16813,"date":"2020-07-22T13:54:09","date_gmt":"2020-07-22T13:54:09","guid":{"rendered":"https:\/\/gazetaregionalna.com\/?p=16813"},"modified":"2020-07-22T13:54:11","modified_gmt":"2020-07-22T13:54:11","slug":"linia-nr-13-i-95","status":"publish","type":"post","link":"https:\/\/gazetaregionalna.com\/?p=16813","title":{"rendered":"Linia nr 13 i 95 przed\u0142u\u017cona do Wierzchowiska. Linia 15 i 27 korekta rozk\u0142adu jazdy"},"content":{"rendered":"\n<h2 class=\"wp-block-heading\">Jak informuje MZDiT od 1 sierpnia 2020 roku wprowadzone zostan\u0105 zmiany na liniach autobusowych nr <strong>13<\/strong>, <strong>15<\/strong>, <strong>27<\/strong>, <strong>95<\/strong>.<\/h2>\n\n\n\n<p>W zwi\u0105zku z wyd\u0142u\u017ceniem cz\u0119\u015bci kurs\u00f3w <strong>linii nr 13<\/strong> do Wierzchowiska dla pasa\u017cer\u00f3w zostan\u0105 uruchomione nowe zespo\u0142y przystankowe:<\/p>\n\n\n\n<ul class=\"wp-block-list\"><li>JEMIO\u0141OWA (w pobli\u017cu skrzy\u017cowania ulicy Ludowej z Jemio\u0142ow\u0105),<\/li><li>WOLA KIEDRZY\u0143SKA (przy skrzy\u017cowaniu DW483 z drog\u0105 prowadz\u0105c\u0105 do Wierzchowiska),<\/li><li>WIERZCHOWISKO \u2013 D\u0141UGA I (przy ul. D\u0142ugiej w Wierzchowisku);<\/li><li>WIERZCHOWISKO \u2013 D\u0141UGA II (przy ul. D\u0142ugiej w Wierzchowisku);<\/li><li>WIERZCHOWISKO (p\u0119tla przy szkole w Wierzchowisku). <\/li><\/ul>\n\n\n\n<p>  Rozk\u0142ad jazdy <strong>linii nr 13<\/strong> na ca\u0142ej trasie ulegnie niewielkiej korekcie we wszystkie dni tygodnia. Godziny i liczba kurs\u00f3w wyd\u0142u\u017conych do Wierzchowiska zosta\u0142y ustalone z Gmin\u0105 Mykan\u00f3w. Na ca\u0142ej d\u0142ugo\u015bci nowego odcinka trasy <strong>linii nr 13<\/strong> b\u0119dzie obowi\u0105zywa\u0107 miejska taryfa biletowa.<\/p>\n\n\n\n<p> <strong>Linia nr 95<\/strong> kursuj\u0105ca ulic\u0105 Makuszy\u0144skiego na czas przebudowy ul. \u015bw. Brata Alberta, zostanie przed\u0142u\u017cona do Wierzchowiska i b\u0119dzie obs\u0142ugiwa\u0142a pasa\u017cer\u00f3w na p\u0119tli wsp\u00f3lnej z <strong>lini\u0105 nr 13<\/strong> (przy skrzy\u017cowaniu ulic D\u0142ugiej i Szkolnej). Na tej linii r\u00f3wnie\u017c b\u0119d\u0105 obowi\u0105zywa\u0142y bilety wed\u0142ug taryfy miejskiej.<\/p>\n\n\n\n<p>W odpowiedzi na wnioski mieszka\u0144c\u00f3w, nast\u0105pi korekta godzin kilku kurs\u00f3w na <strong>liniach nr 15 i 27<\/strong>. Pozwoli to lepiej skomunikowa\u0107 najwi\u0119ksze zak\u0142ady pracy przy ulicach Dekabryst\u00f3w, Legion\u00f3w, Kusi\u0119ckiej i Strefowej.<\/p>\n\n\n\n<div class=\"wp-block-file\"><a href=\"https:\/\/gazetaregionalna.com\/wp-content\/uploads\/2020\/07\/rozk\u0142ad-jazdy.pdf\">rozk\u0142ad-jazdy<\/a><a href=\"https:\/\/gazetaregionalna.com\/wp-content\/uploads\/2020\/07\/rozk\u0142ad-jazdy.pdf\" class=\"wp-block-file__button\" download>Pobierz<\/a><\/div>\n\n\n\n<p>(\u0179r\u00f3d\u0142o: MZDiT Cz\u0119stochowa)<\/p>\n","protected":false},"excerpt":{"rendered":"<p>Jak informuje MZDiT od 1 sierpnia 2020 roku wprowadzone zostan\u0105 zmiany na liniach autobusowych nr 13, 15, 27, 95. W zwi\u0105zku z wyd\u0142u\u017ceniem cz\u0119\u015bci<\/p>\n","protected":false},"author":12,"featured_media":0,"comment_status":"open","ping_status":"open","sticky":false,"template":"","format":"standard","meta":{"_monsterinsights_skip_tracking":false,"_monsterinsights_sitenote_active":false,"_monsterinsights_sitenote_note":"","_monsterinsights_sitenote_category":0,"_uf_show_specific_survey":0,"_uf_disable_surveys":false,"footnotes":""},"categories":[94,3,2],"tags":[],"class_list":["post-16813","post","type-post","status-publish","format-standard","hentry","category-polecane","category-czestochowa-informacje","category-wiadomosci"],"_links":{"self":[{"href":"https:\/\/gazetaregionalna.com\/index.php?rest_route=\/wp\/v2\/posts\/16813","targetHints":{"allow":["GET"]}}],"collection":[{"href":"https:\/\/gazetaregionalna.com\/index.php?rest_route=\/wp\/v2\/posts"}],"about":[{"href":"https:\/\/gazetaregionalna.com\/index.php?rest_route=\/wp\/v2\/types\/post"}],"author":[{"embeddable":true,"href":"https:\/\/gazetaregionalna.com\/index.php?rest_route=\/wp\/v2\/users\/12"}],"replies":[{"embeddable":true,"href":"https:\/\/gazetaregionalna.com\/index.php?rest_route=%2Fwp%2Fv2%2Fcomments&post=16813"}],"version-history":[{"count":3,"href":"https:\/\/gazetaregionalna.com\/index.php?rest_route=\/wp\/v2\/posts\/16813\/revisions"}],"predecessor-version":[{"id":16817,"href":"https:\/\/gazetaregionalna.com\/index.php?rest_route=\/wp\/v2\/posts\/16813\/revisions\/16817"}],"wp:attachment":[{"href":"https:\/\/gazetaregionalna.com\/index.php?rest_route=%2Fwp%2Fv2%2Fmedia&parent=16813"}],"wp:term":[{"taxonomy":"category","embeddable":true,"href":"https:\/\/gazetaregionalna.com\/index.php?rest_route=%2Fwp%2Fv2%2Fcategories&post=16813"},{"taxonomy":"post_tag","embeddable":true,"href":"https:\/\/gazetaregionalna.com\/index.php?rest_route=%2Fwp%2Fv2%2Ftags&post=16813"}],"curies":[{"name":"wp","href":"https:\/\/api.w.org\/{rel}","templated":true}]}}