{"id":16808,"date":"2020-07-22T13:07:25","date_gmt":"2020-07-22T13:07:25","guid":{"rendered":"https:\/\/gazetaregionalna.com\/?p=16808"},"modified":"2020-07-22T13:07:27","modified_gmt":"2020-07-22T13:07:27","slug":"bezplatne-badanie-wzroku","status":"publish","type":"post","link":"https:\/\/gazetaregionalna.com\/?p=16808","title":{"rendered":"Gmina Poraj zaprasza na bezp\u0142atne badanie wzroku"},"content":{"rendered":"\n<p>Gmina Poraj zaprasza na bezp\u0142atne komputerowe badanie wzroku w dniu 11\nsierpnia od godziny 15:30 do 17:00.<\/p>\n\n\n\n<p>Badanie odb\u0119dzie si\u0119 w OPTO \u2013 BUSIE na parkingu przy Gminnym O\u015brodku\nZdrowia, ul. 3 Maja 25, Poraj.<\/p>\n\n\n\n<p>Zapisy tel.:\u00a0<strong>690 070 902<\/strong>.<\/p>\n\n\n\n<figure class=\"wp-block-image size-large\"><img decoding=\"async\" width=\"412\" height=\"590\" data-src=\"https:\/\/gazetaregionalna.com\/wp-content\/uploads\/2020\/07\/badanie-wzroku-2.jpg\" alt=\"\" class=\"wp-image-16810 lazyload\" data-srcset=\"https:\/\/gazetaregionalna.com\/wp-content\/uploads\/2020\/07\/badanie-wzroku-2.jpg 412w, https:\/\/gazetaregionalna.com\/wp-content\/uploads\/2020\/07\/badanie-wzroku-2-209x300.jpg 209w, https:\/\/gazetaregionalna.com\/wp-content\/uploads\/2020\/07\/badanie-wzroku-2-293x420.jpg 293w\" data-sizes=\"(max-width: 412px) 100vw, 412px\" src=\"data:image\/svg+xml;base64,PHN2ZyB3aWR0aD0iMSIgaGVpZ2h0PSIxIiB4bWxucz0iaHR0cDovL3d3dy53My5vcmcvMjAwMC9zdmciPjwvc3ZnPg==\" style=\"--smush-placeholder-width: 412px; --smush-placeholder-aspect-ratio: 412\/590;\" \/><\/figure>\n\n\n\n<p>(\u0179r\u00f3d\u0142o:\nGmina Poraj)<\/p>\n","protected":false},"excerpt":{"rendered":"<p>Gmina Poraj zaprasza na bezp\u0142atne komputerowe badanie wzroku w dniu 11 sierpnia od godziny 15:30 do 17:00. Badanie odb\u0119dzie si\u0119 w OPTO \u2013 BUSIE<\/p>\n","protected":false},"author":12,"featured_media":16811,"comment_status":"open","ping_status":"open","sticky":false,"template":"","format":"standard","meta":{"_monsterinsights_skip_tracking":false,"_monsterinsights_sitenote_active":false,"_monsterinsights_sitenote_note":"","_monsterinsights_sitenote_category":0,"_uf_show_specific_survey":0,"_uf_disable_surveys":false,"footnotes":""},"categories":[94,4,2,37],"tags":[],"class_list":["post-16808","post","type-post","status-publish","format-standard","has-post-thumbnail","hentry","category-polecane","category-region","category-wiadomosci","category-zdrowie"],"_links":{"self":[{"href":"https:\/\/gazetaregionalna.com\/index.php?rest_route=\/wp\/v2\/posts\/16808","targetHints":{"allow":["GET"]}}],"collection":[{"href":"https:\/\/gazetaregionalna.com\/index.php?rest_route=\/wp\/v2\/posts"}],"about":[{"href":"https:\/\/gazetaregionalna.com\/index.php?rest_route=\/wp\/v2\/types\/post"}],"author":[{"embeddable":true,"href":"https:\/\/gazetaregionalna.com\/index.php?rest_route=\/wp\/v2\/users\/12"}],"replies":[{"embeddable":true,"href":"https:\/\/gazetaregionalna.com\/index.php?rest_route=%2Fwp%2Fv2%2Fcomments&post=16808"}],"version-history":[{"count":2,"href":"https:\/\/gazetaregionalna.com\/index.php?rest_route=\/wp\/v2\/posts\/16808\/revisions"}],"predecessor-version":[{"id":16812,"href":"https:\/\/gazetaregionalna.com\/index.php?rest_route=\/wp\/v2\/posts\/16808\/revisions\/16812"}],"wp:featuredmedia":[{"embeddable":true,"href":"https:\/\/gazetaregionalna.com\/index.php?rest_route=\/wp\/v2\/media\/16811"}],"wp:attachment":[{"href":"https:\/\/gazetaregionalna.com\/index.php?rest_route=%2Fwp%2Fv2%2Fmedia&parent=16808"}],"wp:term":[{"taxonomy":"category","embeddable":true,"href":"https:\/\/gazetaregionalna.com\/index.php?rest_route=%2Fwp%2Fv2%2Fcategories&post=16808"},{"taxonomy":"post_tag","embeddable":true,"href":"https:\/\/gazetaregionalna.com\/index.php?rest_route=%2Fwp%2Fv2%2Ftags&post=16808"}],"curies":[{"name":"wp","href":"https:\/\/api.w.org\/{rel}","templated":true}]}}