{"id":168,"date":"2018-08-23T07:58:47","date_gmt":"2018-08-23T07:58:47","guid":{"rendered":"http:\/\/gazetaregionalna.com\/?p=168"},"modified":"2018-08-23T07:58:47","modified_gmt":"2018-08-23T07:58:47","slug":"trzecie-zwyciestwo-z-rzedu-rakow-czestochowa-pokonal-gks-katowice","status":"publish","type":"post","link":"https:\/\/gazetaregionalna.com\/2018\/08\/23\/trzecie-zwyciestwo-z-rzedu-rakow-czestochowa-pokonal-gks-katowice\/","title":{"rendered":"Trzecie zwyci\u0119stwo z rz\u0119du. Rak\u00f3w Cz\u0119stochowa pokona\u0142 GKS Katowice!"},"content":{"rendered":"<p>&nbsp;<\/p>\n<p>Trzecie zwyci\u0119stwo z rz\u0119du w dodatku bez straty bramek. Tak wygl\u0105da dobra passa czerwono-niebieskich w sz\u00f3stej kolejce I ligi.<\/p>\n<p>Dru\u017cyna z Cz\u0119stochowy pokona\u0142a u siebie GKS Katowice wygrywaj\u0105c 2:0!<\/p>\n<p>Dru\u017cyna Marka Papszuna czu\u0142a si\u0119 bardzo pewnie, a ostatnie dwa wygrane mecze przeciwnik\u00f3w nie by\u0142y im straszne.<\/p>\n<p>Pierwszego gola dla Rakowa, w 39&#8242; strzeli\u0142 Dariusz Formella a wynik na 2:0 podwy\u017cszy\u0142 Patryk Kun (82&#8242;)<\/p>\n<p>Rak\u00f3w Cz\u0119stochowa ma teraz 13 punkt\u00f3w i jest liderem w tabeli.<\/p>\n","protected":false},"excerpt":{"rendered":"<p>&nbsp; Trzecie zwyci\u0119stwo z rz\u0119du w dodatku bez straty bramek. Tak wygl\u0105da dobra passa czerwono-niebieskich w sz\u00f3stej kolejce I ligi. Dru\u017cyna z Cz\u0119stochowy pokona\u0142a<\/p>\n","protected":false},"author":3,"featured_media":0,"comment_status":"open","ping_status":"closed","sticky":false,"template":"","format":"standard","meta":{"_monsterinsights_skip_tracking":false,"_monsterinsights_sitenote_active":false,"_monsterinsights_sitenote_note":"","_monsterinsights_sitenote_category":0,"_uf_show_specific_survey":0,"_uf_disable_surveys":false,"footnotes":""},"categories":[3,6,5],"tags":[],"class_list":["post-168","post","type-post","status-publish","format-standard","hentry","category-czestochowa-informacje","category-pilka-nozna","category-sport"],"_links":{"self":[{"href":"https:\/\/gazetaregionalna.com\/wp-json\/wp\/v2\/posts\/168","targetHints":{"allow":["GET"]}}],"collection":[{"href":"https:\/\/gazetaregionalna.com\/wp-json\/wp\/v2\/posts"}],"about":[{"href":"https:\/\/gazetaregionalna.com\/wp-json\/wp\/v2\/types\/post"}],"author":[{"embeddable":true,"href":"https:\/\/gazetaregionalna.com\/wp-json\/wp\/v2\/users\/3"}],"replies":[{"embeddable":true,"href":"https:\/\/gazetaregionalna.com\/wp-json\/wp\/v2\/comments?post=168"}],"version-history":[{"count":2,"href":"https:\/\/gazetaregionalna.com\/wp-json\/wp\/v2\/posts\/168\/revisions"}],"predecessor-version":[{"id":171,"href":"https:\/\/gazetaregionalna.com\/wp-json\/wp\/v2\/posts\/168\/revisions\/171"}],"wp:attachment":[{"href":"https:\/\/gazetaregionalna.com\/wp-json\/wp\/v2\/media?parent=168"}],"wp:term":[{"taxonomy":"category","embeddable":true,"href":"https:\/\/gazetaregionalna.com\/wp-json\/wp\/v2\/categories?post=168"},{"taxonomy":"post_tag","embeddable":true,"href":"https:\/\/gazetaregionalna.com\/wp-json\/wp\/v2\/tags?post=168"}],"curies":[{"name":"wp","href":"https:\/\/api.w.org\/{rel}","templated":true}]}}