{"id":1676,"date":"2019-01-18T10:39:42","date_gmt":"2019-01-18T10:39:42","guid":{"rendered":"http:\/\/gazetaregionalna.com\/?p=1676"},"modified":"2019-01-18T10:39:42","modified_gmt":"2019-01-18T10:39:42","slug":"w-urzedzie-miasta-mozna-wpisac-sie-do-ksiegi-kondolencyjnej","status":"publish","type":"post","link":"https:\/\/gazetaregionalna.com\/?p=1676","title":{"rendered":"W Urz\u0119dzie Miasta mo\u017cna wpisa\u0107 si\u0119 do Ksi\u0119gi Kondolencyjnej"},"content":{"rendered":"<p>&nbsp;<\/p>\n<p><span style=\"font-family: Times New Roman, serif;\">W g\u0142\u00f3wnym budynku Urz\u0119du Miasta przy ulicy \u015al\u0105skiej 11\/13 wy\u0142o\u017cona jest ksi\u0119ga kondolencyjna, w kt\u00f3rej mo\u017cna dokonywa\u0107 wpis\u00f3w pami\u0119ci prezydenta Gda\u0144ska Paw\u0142a Adamowicza.<\/span><\/p>\n<p><span style=\"font-family: Times New Roman, serif;\">Ksi\u0119ga jest dost\u0119pna tu\u017c za g\u0142\u00f3wnym wej\u015bciem do Urz\u0119du, w holu obok portierni. Wpis\u00f3w mo\u017cna dokonywa\u0107 do niedzieli. Od \u015brody do pi\u0105tku (18 stycznia) w godzinach 7.30-18, a w sobot\u0119 i niedziel\u0119 w godzinach 9-18.<\/span><\/p>\n<p><span style=\"font-family: Times New Roman, serif;\">W Cz\u0119stochowie trwa, og\u0142oszona przez prezydenta miasta, \u017ca\u0142oba po tragicznej \u015bmierci prezydenta Gda\u0144ska Paw\u0142a Adamowicza. Przy budynkach Urz\u0119du Miasta zawis\u0142y opuszczone do po\u0142owy masztu flagi narodowe. Decyzja o og\u0142oszeniu \u017ca\u0142oby jest symbolicznym gestem solidarno\u015bci ze spo\u0142eczno\u015bci\u0105 Gda\u0144ska oraz wyrazem niezgody Cz\u0119stochowy na akty przemocy i nienawi\u015bci, zar\u00f3wno tej fizycznej, jak i s\u0142ownej.<\/span><\/p>\n<p><span style=\"font-family: Times New Roman, serif;\">Na sobot\u0119 \u2013 dzie\u0144 pogrzebu \u2013 Prezydent RP zapowiedzia\u0142 wprowadzenie \u017ca\u0142oby narodowej.<\/span><\/p>\n<p><span style=\"font-family: Times New Roman, serif;\">(red.)<\/span><\/p>\n","protected":false},"excerpt":{"rendered":"<p>&nbsp; W g\u0142\u00f3wnym budynku Urz\u0119du Miasta przy ulicy \u015al\u0105skiej 11\/13 wy\u0142o\u017cona jest ksi\u0119ga kondolencyjna, w kt\u00f3rej mo\u017cna dokonywa\u0107 wpis\u00f3w pami\u0119ci prezydenta Gda\u0144ska Paw\u0142a Adamowicza.<\/p>\n","protected":false},"author":3,"featured_media":0,"comment_status":"open","ping_status":"closed","sticky":false,"template":"","format":"standard","meta":{"_monsterinsights_skip_tracking":false,"_monsterinsights_sitenote_active":false,"_monsterinsights_sitenote_note":"","_monsterinsights_sitenote_category":0,"_uf_show_specific_survey":0,"_uf_disable_surveys":false,"footnotes":""},"categories":[3,2],"tags":[],"class_list":["post-1676","post","type-post","status-publish","format-standard","hentry","category-czestochowa-informacje","category-wiadomosci"],"_links":{"self":[{"href":"https:\/\/gazetaregionalna.com\/index.php?rest_route=\/wp\/v2\/posts\/1676","targetHints":{"allow":["GET"]}}],"collection":[{"href":"https:\/\/gazetaregionalna.com\/index.php?rest_route=\/wp\/v2\/posts"}],"about":[{"href":"https:\/\/gazetaregionalna.com\/index.php?rest_route=\/wp\/v2\/types\/post"}],"author":[{"embeddable":true,"href":"https:\/\/gazetaregionalna.com\/index.php?rest_route=\/wp\/v2\/users\/3"}],"replies":[{"embeddable":true,"href":"https:\/\/gazetaregionalna.com\/index.php?rest_route=%2Fwp%2Fv2%2Fcomments&post=1676"}],"version-history":[{"count":1,"href":"https:\/\/gazetaregionalna.com\/index.php?rest_route=\/wp\/v2\/posts\/1676\/revisions"}],"predecessor-version":[{"id":1678,"href":"https:\/\/gazetaregionalna.com\/index.php?rest_route=\/wp\/v2\/posts\/1676\/revisions\/1678"}],"wp:attachment":[{"href":"https:\/\/gazetaregionalna.com\/index.php?rest_route=%2Fwp%2Fv2%2Fmedia&parent=1676"}],"wp:term":[{"taxonomy":"category","embeddable":true,"href":"https:\/\/gazetaregionalna.com\/index.php?rest_route=%2Fwp%2Fv2%2Fcategories&post=1676"},{"taxonomy":"post_tag","embeddable":true,"href":"https:\/\/gazetaregionalna.com\/index.php?rest_route=%2Fwp%2Fv2%2Ftags&post=1676"}],"curies":[{"name":"wp","href":"https:\/\/api.w.org\/{rel}","templated":true}]}}