{"id":16703,"date":"2020-07-21T12:17:58","date_gmt":"2020-07-21T12:17:58","guid":{"rendered":"https:\/\/gazetaregionalna.com\/?p=16703"},"modified":"2020-07-21T12:18:00","modified_gmt":"2020-07-21T12:18:00","slug":"policjanci-apeluja","status":"publish","type":"post","link":"https:\/\/gazetaregionalna.com\/?p=16703","title":{"rendered":"Policjanci apeluj\u0105 o pomoc dla kolegi po fachu"},"content":{"rendered":"\n<h2 class=\"wp-block-heading\">Funkcjonariusze prawa apeluj\u0105 o pomoc finansow\u0105 dla Asp. sztab. Piotra Glenca, dzielnicowego Komisariatu Policji w Ustroniu.<\/h2>\n\n\n\n<p>17 maja br. podczas g\u00f3rskiej wycieczki Asp. sztab. Piotra Glenca uleg\u0142 powa\u017cnemu wypadkowi. Ska\u0142a, na kt\u00f3rej postawi\u0142 stop\u0119, osun\u0119\u0142a si\u0119, powoduj\u0105c, \u017ce policjant zjecha\u0142 kilkaset metr\u00f3w po zboczu g\u00f3ry. M\u0119\u017cczyzna prze\u017cy\u0142 upadek i dzi\u0119ki szybkiej pomocy ratownik\u00f3w g\u00f3rskich trafi\u0142 do szpitala, gdzie przeszed\u0142 operacj\u0119. Niestety w wyniku upadku policjant ma z\u0142amany kr\u0119gos\u0142up. Obecnie przechodzi pierwszy etap rehabilitacji.<\/p>\n\n\n\n<p>Jako policjant przez 15 lat pomaga\u0142 i wspiera\u0142. Dzi\u015b sam potrzebuje pomocy.<\/p>\n\n\n\n<p>\u017beby odzyska\u0107 sprawno\u015b\u0107 potrzebna b\u0119dzie d\u0142ugotrwa\u0142a rehabilitacja, kt\u00f3ra wi\u0105\u017ce si\u0119 z ogromnymi kosztami. Mimo wsparcia rodziny i przyjaci\u00f3\u0142 najbli\u017csi nie s\u0105 w stanie pokry\u0107 samodzielnie koszt\u00f3w leczenia i rehabilitacji. <\/p>\n\n\n\n<p>Policja apeluje o wsparcie finansowe oraz \u00a0o rozpowszechnianie i udost\u0119pnienie informacji o tym, jak wesprze\u0107 Piotrka.<\/p>\n\n\n\n<p>W akcj\u0119 w\u0142\u0105czy\u0142a si\u0119 Diakonia Ko\u015bcio\u0142a Ewangelicko-Augsburskiego w RP, kt\u00f3ra pomaga zbiera\u0107 potrzebne \u015brodki na rehabilitacj\u0119 Piotrka \u2013 koszty rocznej specjalistycznej rehabilitacji i zakupu niezb\u0119dnego sprz\u0119tu to 150 000 z\u0142. Diakonia uruchomi\u0142a zbi\u00f3rk\u0119 \u015brodk\u00f3w na ten cel.<\/p>\n\n\n\n<p>Wp\u0142aty mo\u017cna dokonywa\u0107 na konto bankowe:<\/p>\n\n\n\n<p><strong>Bank PEKAO S.A. I O\/Warszawa<\/strong><\/p>\n\n\n\n<p><strong>Nr konta 78 1240 1037 1111 0000 0693 1384<\/strong><\/p>\n\n\n\n<p><strong>Wp\u0142aty z dopiskiem\u00a0\u201eRehabilitacja Piotra\u201d<\/strong><\/p>\n\n\n\n<p>[post_gallery]<\/p>\n\n\n\n<p>(\u0179r\u00f3d\u0142o: KMP Cz\u0119stochowa)<\/p>\n","protected":false},"excerpt":{"rendered":"<p>Funkcjonariusze prawa apeluj\u0105 o pomoc finansow\u0105 dla Asp. sztab. Piotra Glenca, dzielnicowego Komisariatu Policji w Ustroniu. 17 maja br. podczas g\u00f3rskiej wycieczki Asp. sztab.<\/p>\n","protected":false},"author":12,"featured_media":16719,"comment_status":"open","ping_status":"open","sticky":false,"template":"","format":"standard","meta":{"_monsterinsights_skip_tracking":false,"_monsterinsights_sitenote_active":false,"_monsterinsights_sitenote_note":"","_monsterinsights_sitenote_category":0,"_uf_show_specific_survey":0,"_uf_disable_surveys":false,"footnotes":""},"categories":[94,3,27,25,26,28,4,2,37],"tags":[],"class_list":["post-16703","post","type-post","status-publish","format-standard","has-post-thumbnail","hentry","category-polecane","category-czestochowa-informacje","category-klobuck-informacje","category-lubliniec","category-myszkow","category-radomsko","category-region","category-wiadomosci","category-zdrowie"],"_links":{"self":[{"href":"https:\/\/gazetaregionalna.com\/index.php?rest_route=\/wp\/v2\/posts\/16703","targetHints":{"allow":["GET"]}}],"collection":[{"href":"https:\/\/gazetaregionalna.com\/index.php?rest_route=\/wp\/v2\/posts"}],"about":[{"href":"https:\/\/gazetaregionalna.com\/index.php?rest_route=\/wp\/v2\/types\/post"}],"author":[{"embeddable":true,"href":"https:\/\/gazetaregionalna.com\/index.php?rest_route=\/wp\/v2\/users\/12"}],"replies":[{"embeddable":true,"href":"https:\/\/gazetaregionalna.com\/index.php?rest_route=%2Fwp%2Fv2%2Fcomments&post=16703"}],"version-history":[{"count":3,"href":"https:\/\/gazetaregionalna.com\/index.php?rest_route=\/wp\/v2\/posts\/16703\/revisions"}],"predecessor-version":[{"id":16723,"href":"https:\/\/gazetaregionalna.com\/index.php?rest_route=\/wp\/v2\/posts\/16703\/revisions\/16723"}],"wp:featuredmedia":[{"embeddable":true,"href":"https:\/\/gazetaregionalna.com\/index.php?rest_route=\/wp\/v2\/media\/16719"}],"wp:attachment":[{"href":"https:\/\/gazetaregionalna.com\/index.php?rest_route=%2Fwp%2Fv2%2Fmedia&parent=16703"}],"wp:term":[{"taxonomy":"category","embeddable":true,"href":"https:\/\/gazetaregionalna.com\/index.php?rest_route=%2Fwp%2Fv2%2Fcategories&post=16703"},{"taxonomy":"post_tag","embeddable":true,"href":"https:\/\/gazetaregionalna.com\/index.php?rest_route=%2Fwp%2Fv2%2Ftags&post=16703"}],"curies":[{"name":"wp","href":"https:\/\/api.w.org\/{rel}","templated":true}]}}