{"id":1669,"date":"2019-01-18T09:52:16","date_gmt":"2019-01-18T09:52:16","guid":{"rendered":"http:\/\/gazetaregionalna.com\/?p=1669"},"modified":"2019-01-18T09:54:13","modified_gmt":"2019-01-18T09:54:13","slug":"stop-przemocy-ogolnopolska-akcja-policji","status":"publish","type":"post","link":"https:\/\/gazetaregionalna.com\/?p=1669","title":{"rendered":"STOP PRZEMOCY &#8211; og\u00f3lnopolska akcja Policji"},"content":{"rendered":"<div class=\"head\">\n<p>&nbsp;<\/p>\n<p>Policjanci w ca\u0142ym kraju zatrzymali ju\u017c kilkana\u015bcie os\u00f3b podejrzanych o kierowanie gr\u00f3\u017ab pod adresem prezydent\u00f3w, przedstawicieli administracji publicznej, samorz\u0105dowc\u00f3w, polityk\u00f3w czy te\u017c takich, kt\u00f3re publicznie drwi\u0142y ze \u015bmierci tragicznie zmar\u0142ego Prezydenta Gda\u0144ska. O zatrzymaniach powiadomiono prokuratury, kt\u00f3rym przekazano zgromadzone materia\u0142y dowodowe. Dzi\u0119kujemy wszystkim obywatelom i mediom za czujno\u015b\u0107 jak\u0105 si\u0119 wykaza\u0142y i przekaza\u0142y Policji informacje o bezprawnych wpisach czy komentarzach. Jednocze\u015bnie przypominamy, \u017ce w cyberprzestrzeni nie jeste\u015bmy anonimowi i bezkarni, a ka\u017cde nasze dzia\u0142anie pozostawia \u015blad.<\/p>\n<\/div>\n<p>W ostatnich dniach policjanci w ca\u0142ym kraju odnotowali wzmo\u017con\u0105 ilo\u015b\u0107 zg\u0142osze\u0144 od obywateli dotycz\u0105cych obra\u017aliwych wpis\u00f3w internetowych jak i te\u017c gr\u00f3\u017ab karalnych kierowanych telefonicznie, a tak\u017ce nawo\u0142ywania do pope\u0142nienia przest\u0119pstwa w stosunku do prezydent\u00f3w, przedstawicieli administracji publicznej, samorz\u0105dowc\u00f3w, polityk\u00f3w z r\u00f3\u017cnych ugrupowa\u0144 politycznych.<\/p>\n<p>Informacjami tymi niezw\u0142ocznie zaj\u0119li si\u0119 policjanci z Biura dw. z Cyberprzest\u0119pczo\u015bci\u0105 KGP, kt\u00f3re koordynuje dzia\u0142ania wydzia\u0142\u00f3w w ca\u0142ym kraju, a tak\u017ce funkcjonariusze z Komend Wojew\u00f3dzkich Policji. Zebrane dane natychmiast by\u0142y przekazywane policjantom operacyjnym, kt\u00f3rzy dokonywali sprawdze\u0144 i kolejnych ustale\u0144. Wytypowane osoby zosta\u0142y zatrzymane i doprowadzone do komend Policji. Po przekazaniu zgromadzonych w tych sprawach materia\u0142\u00f3w dowodowych prokuratorom zatrzymani us\u0142yszeli zarzuty. O dalszym ich losie zadecyduje s\u0105d.<\/p>\n<p>Dzi\u0119kujemy mediom oraz innym osobom, kt\u00f3re wykaza\u0142y si\u0119 czujno\u015bci\u0105 i niezw\u0142ocznie przekaza\u0142y Policji informacje o bezprawnych internetowych wpisach czy telefonach.<\/p>\n<p><em>Jednocze\u015bnie apelujemy do wszystkich o rozs\u0105dne i odpowiedzialne korzystanie z portali i komunikator\u00f3w internetowych. Policjanci przypominaj\u0105 o odpowiedzialno\u015bci za ka\u017cde bezprawne zachowanie, a tak\u017ce s\u0142owa kierowane wobec innych ludzi r\u00f3\u017cnymi drogami. Cz\u0119sto\u00a0<\/em><em>zniewa\u017cenia, czy kierowanie gr\u00f3\u017ab karalnych, zw\u0142aszcza, gdy s\u0105 pope\u0142niane za po\u015brednictwem telefonu, czy medi\u00f3w elektronicznych, traktowane s\u0105 przez ludzi niepowa\u017cnie. Nie zdaj\u0105 sobie oni sprawy, \u017ce w ka\u017cdej takiej sytuacji,\u00a0<\/em><em>na wniosek osoby poszkodowanej, mog\u0105 im grozi\u0107 powa\u017cne konsekwencje prawne. Osoby takie nie mog\u0105 czu\u0107 si\u0119 bezkarnie. Funkcjonariusze w ca\u0142ym kraju na bie\u017c\u0105co monitoruj\u0105 sie\u0107 i maj\u0105 mo\u017cliwo\u015bci ustalenia i zatrzymania sprawc\u00f3w tego typu przest\u0119pstw oraz poci\u0105gni\u0119cia ich do odpowiedzialno\u015bci karnej.<\/em><\/p>\n<p><em>(KGP\/red.)<\/em><\/p>\n","protected":false},"excerpt":{"rendered":"<p>&nbsp; Policjanci w ca\u0142ym kraju zatrzymali ju\u017c kilkana\u015bcie os\u00f3b podejrzanych o kierowanie gr\u00f3\u017ab pod adresem prezydent\u00f3w, przedstawicieli administracji publicznej, samorz\u0105dowc\u00f3w, polityk\u00f3w czy te\u017c takich,<\/p>\n","protected":false},"author":3,"featured_media":0,"comment_status":"open","ping_status":"closed","sticky":false,"template":"","format":"standard","meta":{"_monsterinsights_skip_tracking":false,"_monsterinsights_sitenote_active":false,"_monsterinsights_sitenote_note":"","_monsterinsights_sitenote_category":0,"_uf_show_specific_survey":0,"_uf_disable_surveys":false,"footnotes":""},"categories":[4,13],"tags":[],"class_list":["post-1669","post","type-post","status-publish","format-standard","hentry","category-region","category-wydarzenia"],"_links":{"self":[{"href":"https:\/\/gazetaregionalna.com\/index.php?rest_route=\/wp\/v2\/posts\/1669","targetHints":{"allow":["GET"]}}],"collection":[{"href":"https:\/\/gazetaregionalna.com\/index.php?rest_route=\/wp\/v2\/posts"}],"about":[{"href":"https:\/\/gazetaregionalna.com\/index.php?rest_route=\/wp\/v2\/types\/post"}],"author":[{"embeddable":true,"href":"https:\/\/gazetaregionalna.com\/index.php?rest_route=\/wp\/v2\/users\/3"}],"replies":[{"embeddable":true,"href":"https:\/\/gazetaregionalna.com\/index.php?rest_route=%2Fwp%2Fv2%2Fcomments&post=1669"}],"version-history":[{"count":2,"href":"https:\/\/gazetaregionalna.com\/index.php?rest_route=\/wp\/v2\/posts\/1669\/revisions"}],"predecessor-version":[{"id":1672,"href":"https:\/\/gazetaregionalna.com\/index.php?rest_route=\/wp\/v2\/posts\/1669\/revisions\/1672"}],"wp:attachment":[{"href":"https:\/\/gazetaregionalna.com\/index.php?rest_route=%2Fwp%2Fv2%2Fmedia&parent=1669"}],"wp:term":[{"taxonomy":"category","embeddable":true,"href":"https:\/\/gazetaregionalna.com\/index.php?rest_route=%2Fwp%2Fv2%2Fcategories&post=1669"},{"taxonomy":"post_tag","embeddable":true,"href":"https:\/\/gazetaregionalna.com\/index.php?rest_route=%2Fwp%2Fv2%2Ftags&post=1669"}],"curies":[{"name":"wp","href":"https:\/\/api.w.org\/{rel}","templated":true}]}}