{"id":16673,"date":"2020-07-21T08:28:10","date_gmt":"2020-07-21T08:28:10","guid":{"rendered":"https:\/\/gazetaregionalna.com\/?p=16673"},"modified":"2020-07-21T08:30:46","modified_gmt":"2020-07-21T08:30:46","slug":"eltrox-wlokniarz-9","status":"publish","type":"post","link":"https:\/\/gazetaregionalna.com\/?p=16673","title":{"rendered":"Kup bilet wirtualny na mecz Eltrox W\u0142\u00f3kniarz z Fogo Unia Leszno. Sta\u0144 #MuremZaW\u0142\u00f3kniarzem. Normalny bilet wirtualny tylko 7 z\u0142."},"content":{"rendered":"\n<p>\u017bu\u017clowcy Eltrox W\u0142\u00f3kniarz\nCz\u0119stochowa ju\u017c my\u015bl\u0105 o niedzielnym spotkaniu z mistrzem Polski\nFogo Unia Leszno. Dzia\u0142acze Eltrox W\u0142\u00f3kniarza ponownie zach\u0119caj\u0105\ndo zakupu tanich bilet\u00f3w wirtualnych. Sta\u0144 #MuremZaW\u0142\u00f3kniarzem<\/p>\n\n\n\n<p>Na oficjalnej stronie internetowej\nEltrox W\u0142\u00f3kniarza mo\u017cemy przeczyta\u0107: \u201eSzanowni Pa\u0144stwo, w\nnajbli\u017csz\u0105 niedziel\u0119 (26 lipca) o godzinie 19:15 na Arena\nzielona-energia.com dojdzie do kolejnego w tym sezonie w ligowego\npojedynku Eltrox W\u0142\u00f3kniarza Cz\u0119stochowa w rozgrywkach PGE\nEkstraligi. Naszym rywalem b\u0119dzie ekipa aktualnego Dru\u017cynowego\nMistrza Polski \u2013 Unia Leszno. Niestety z powodu ogranicze\u0144\ndotycz\u0105cych liczby os\u00f3b, kt\u00f3re mog\u0105 wej\u015b\u0107 na stadion, nie\nmo\u017cemy wystosowa\u0107 zaproszenia na to spotkanie do wszystkich\nkibic\u00f3w. Zwracamy si\u0119 jednak do ca\u0142ej spo\u0142eczno\u015bci \u2013\nbia\u0142o-zielonej rodziny kibic\u00f3w W\u0142\u00f3kniarza, z pro\u015bb\u0105 o pom\u00f3c.<\/p>\n\n\n\n<figure class=\"wp-block-image size-large\"><img decoding=\"async\" width=\"1000\" height=\"1000\" data-src=\"https:\/\/gazetaregionalna.com\/wp-content\/uploads\/2020\/07\/wirtualny-bilet-normalny.jpg\" alt=\"\" class=\"wp-image-16674 lazyload\" data-srcset=\"https:\/\/gazetaregionalna.com\/wp-content\/uploads\/2020\/07\/wirtualny-bilet-normalny.jpg 1000w, https:\/\/gazetaregionalna.com\/wp-content\/uploads\/2020\/07\/wirtualny-bilet-normalny-300x300.jpg 300w, https:\/\/gazetaregionalna.com\/wp-content\/uploads\/2020\/07\/wirtualny-bilet-normalny-150x150.jpg 150w, https:\/\/gazetaregionalna.com\/wp-content\/uploads\/2020\/07\/wirtualny-bilet-normalny-768x768.jpg 768w, https:\/\/gazetaregionalna.com\/wp-content\/uploads\/2020\/07\/wirtualny-bilet-normalny-696x696.jpg 696w, https:\/\/gazetaregionalna.com\/wp-content\/uploads\/2020\/07\/wirtualny-bilet-normalny-420x420.jpg 420w\" data-sizes=\"(max-width: 1000px) 100vw, 1000px\" src=\"data:image\/svg+xml;base64,PHN2ZyB3aWR0aD0iMSIgaGVpZ2h0PSIxIiB4bWxucz0iaHR0cDovL3d3dy53My5vcmcvMjAwMC9zdmciPjwvc3ZnPg==\" style=\"--smush-placeholder-width: 1000px; --smush-placeholder-aspect-ratio: 1000\/1000;\" \/><\/figure>\n\n\n\n<p>Kontynuujemy akcj\u0119 \u201cWirtualny\nBilet\u201d, do kt\u00f3rej pragniemy Pa\u0144stwa zaprosi\u0107. Kupno wirtualnego\nbiletu to nic innego jak wsparcie finansowe dla klubu, dzi\u0119ki\nkt\u00f3remu mo\u017cemy realizowa\u0107 nasze za\u0142o\u017cenia, walczy\u0107 o najwy\u017csze\ncele w sezonie 2020 i ju\u017c teraz m\u00f3c szkicowa\u0107 plany na sezon 2021.\nWirtualne bilety mo\u017cna kupi\u0107 za po\u015brednictwem naszego oficjalnego\nsklepu internetowego \u2013 www.sklep.wlokniarz.com. Bilet dost\u0119pny w\nsprzeda\u017cy tylko do 26.07.2020 godz. 23:59.<\/p>\n\n\n\n<p>WIRTUALNY BILET NORMALNY \u2013 7,00 Z\u0141<\/p>\n\n\n\n<p>WIRTUALNY BILET SREBRNY \u2013 10,00 Z\u0141<\/p>\n\n\n\n<p>WIRTUALNY BILET VIP \u2013 30,00 Z\u0142<\/p>\n\n\n\n<p>Spo\u015br\u00f3d os\u00f3b, kt\u00f3re zakupi\u0105\nwirtualny bilet w danej kategorii, po ka\u017cdym meczu zostanie\nrozlosowana nagroda specjalna.<\/p>\n\n\n\n<p>A dla posiadaczy wirtualnych bilet\u00f3w z\nka\u017cdego meczu (100% frekwencji w danej kategorii biletu)\nzaplanowali\u015bmy  liczne atrakcje. Losowanie: limitowanych koszulek,\nudzia\u0142 w pikniku z zawodnikami, karnety na kolejny sezon.<\/p>\n\n\n\n<p>Zape\u0142nijmy wirtualnie nasz stadion i\nbro\u0144my tytu\u0142u najliczniej odwiedzanego stadionu w PGE Ekstralidze!<\/p>\n\n\n\n<p>Produkt jest biletem wirtualnym,\nkolekcjonerskim i nie uprawnia do wst\u0119pu na \u017cadne wydarzenie\norganizowane przez Klub!<\/p>\n\n\n\n<p>Produkt nie podlega zwrotowi\u201d.<\/p>\n\n\n\n<p>Przed \u017cu\u017clowcami Eltrox W\u0142\u00f3kniarz Cz\u0119stochowa trudne zadanie. S\u0105 po pora\u017cce z Motorem Lublin, a mecz w Rybniku, w kt\u00f3rym mieli si\u0119 prze\u0142ama\u0107 zosta\u0142 odwo\u0142any z uwagi na COVID-19. Dlatego po pora\u017cce z Motorem cz\u0119stochowianie b\u0119d\u0105 od razu chcieli wygra\u0107 z liderem PGE Ekstraligi i aktualnym mistrzem Polski Fogo Uni\u0105 Leszno. <\/p>\n","protected":false},"excerpt":{"rendered":"<p>\u017bu\u017clowcy Eltrox W\u0142\u00f3kniarz Cz\u0119stochowa ju\u017c my\u015bl\u0105 o niedzielnym spotkaniu z mistrzem Polski Fogo Unia Leszno. Dzia\u0142acze Eltrox W\u0142\u00f3kniarza ponownie zach\u0119caj\u0105 do zakupu tanich bilet\u00f3w<\/p>\n","protected":false},"author":15,"featured_media":16674,"comment_status":"open","ping_status":"open","sticky":false,"template":"","format":"standard","meta":{"_monsterinsights_skip_tracking":false,"_monsterinsights_sitenote_active":false,"_monsterinsights_sitenote_note":"","_monsterinsights_sitenote_category":0,"_uf_show_specific_survey":0,"_uf_disable_surveys":false,"footnotes":""},"categories":[5,7],"tags":[],"class_list":["post-16673","post","type-post","status-publish","format-standard","has-post-thumbnail","hentry","category-sport","category-zuzel"],"_links":{"self":[{"href":"https:\/\/gazetaregionalna.com\/index.php?rest_route=\/wp\/v2\/posts\/16673","targetHints":{"allow":["GET"]}}],"collection":[{"href":"https:\/\/gazetaregionalna.com\/index.php?rest_route=\/wp\/v2\/posts"}],"about":[{"href":"https:\/\/gazetaregionalna.com\/index.php?rest_route=\/wp\/v2\/types\/post"}],"author":[{"embeddable":true,"href":"https:\/\/gazetaregionalna.com\/index.php?rest_route=\/wp\/v2\/users\/15"}],"replies":[{"embeddable":true,"href":"https:\/\/gazetaregionalna.com\/index.php?rest_route=%2Fwp%2Fv2%2Fcomments&post=16673"}],"version-history":[{"count":3,"href":"https:\/\/gazetaregionalna.com\/index.php?rest_route=\/wp\/v2\/posts\/16673\/revisions"}],"predecessor-version":[{"id":16677,"href":"https:\/\/gazetaregionalna.com\/index.php?rest_route=\/wp\/v2\/posts\/16673\/revisions\/16677"}],"wp:featuredmedia":[{"embeddable":true,"href":"https:\/\/gazetaregionalna.com\/index.php?rest_route=\/wp\/v2\/media\/16674"}],"wp:attachment":[{"href":"https:\/\/gazetaregionalna.com\/index.php?rest_route=%2Fwp%2Fv2%2Fmedia&parent=16673"}],"wp:term":[{"taxonomy":"category","embeddable":true,"href":"https:\/\/gazetaregionalna.com\/index.php?rest_route=%2Fwp%2Fv2%2Fcategories&post=16673"},{"taxonomy":"post_tag","embeddable":true,"href":"https:\/\/gazetaregionalna.com\/index.php?rest_route=%2Fwp%2Fv2%2Ftags&post=16673"}],"curies":[{"name":"wp","href":"https:\/\/api.w.org\/{rel}","templated":true}]}}