{"id":1666,"date":"2019-01-18T09:25:43","date_gmt":"2019-01-18T09:25:43","guid":{"rendered":"http:\/\/gazetaregionalna.com\/?p=1666"},"modified":"2019-01-18T09:25:43","modified_gmt":"2019-01-18T09:25:43","slug":"oczyszczanie-parkingow-z-tzw-wrakow","status":"publish","type":"post","link":"https:\/\/gazetaregionalna.com\/?p=1666","title":{"rendered":"Oczyszczanie parking\u00f3w z tzw. \u201ewrak\u00f3w\u201d"},"content":{"rendered":"<p>&nbsp;<\/p>\n<p><span style=\"font-family: Times New Roman, serif;\">Cz\u0119stochowska Stra\u017c Miejska oczyszcza miejsca parkingowe z samochodowych wrak\u00f3w. W 2018 roku dzi\u0119ki skutecznym interwencjom cz\u0119stochowskich stra\u017cnik\u00f3w miejskich na terenie miasta zwolni\u0142o si\u0119 216 miejsc parkingowych po tzw. \u201ewrakach\u201d. W 2019 roku w ramach kampanii \u201eLepsze parkowanie\u201d stra\u017cnicy miejscy nadal b\u0119d\u0105 egzekwowa\u0107 przepisy dotycz\u0105ce parkowania.<\/span><\/p>\n<p><span style=\"font-family: Times New Roman, serif;\">W 2018 roku cz\u0119stochowscy stra\u017cnicy miejscy podj\u0119li 216 interwencji wobec w\u0142a\u015bcicieli tzw. \u201ewrak\u00f3w\u201d, kt\u00f3re zwolni\u0142y miejsca parkingowe, co ucieszy\u0142o okolicznych mieszka\u0144c\u00f3w. 38 pojazd\u00f3w zosta\u0142o odholowanych na parking, co wi\u0105\u017ce si\u0119 z kosztami dla ich w\u0142a\u015bcicieli. W pozosta\u0142ych 178 przypadkach rozmowy stra\u017cnik\u00f3w miejskich z w\u0142a\u015bcicielami tzw. \u201ewrak\u00f3w\u201d przynios\u0142y efekt w postaci usuni\u0119cia ich z parking\u00f3w og\u00f3lnodost\u0119pnych. Dzi\u0119ki temu inni kierowcy zyskali kolejne miejsca parkingowe. Przypomnijmy, \u017ce w 2017 roku na terenie Cz\u0119stochowy zwolni\u0142o si\u0119 80 miejsc parkingowych po tzw. \u201ewrakach\u201d po dzia\u0142aniach prowadzonych przez Stra\u017c Miejsk\u0105.<\/span><\/p>\n<p><span style=\"font-family: Times New Roman, serif;\">Z przyjazdem popularnej lawety powinni liczy\u0107 si\u0119 r\u00f3wnie\u017c kierowcy, kt\u00f3rzy w spos\u00f3b niepoprawny zaparkuj\u0105 na drodze, co spowoduje korek lub zator. Do takich sytuacji najcz\u0119\u015bciej dochodzi w Al. NMP, gdzie np. niepoprawnie zaparkowany pojazd, kt\u00f3remu wystaje ty\u0142, uniemo\u017cliwia przejazd autobusom, co wi\u0105\u017ce si\u0119 z zatorem i korkami dla innych u\u017cytkownik\u00f3w drogi. W takich sytuacjach pojazd nie musi spe\u0142nia\u0107 wymog\u00f3w tzw. \u201ewraku\u201d. Aby natychmiast udro\u017cni\u0107 przejazd &#8211; auta, kt\u00f3re b\u0119d\u0105 powodowa\u0107 zatory, b\u0119d\u0105 niezw\u0142ocznie usuwane, a kierowcy b\u0119d\u0105 musieli liczy\u0107 si\u0119 z dodatkowymi kosztami. Dlatego cz\u0119stochowska Stra\u017c Miejska i Miejski Zarz\u0105d Dr\u00f3g i Transportu wraz z Wydzia\u0142em Ochrony \u015arodowiska Urz\u0119du Miasta prowadz\u0105 dzia\u0142ania profilaktyczne w ramach kampanii \u201eLepsze parkowanie\u201d. Ka\u017cdy kierowca po wyj\u015bciu z samochodu powinien oceni\u0107, czy pojazd nie b\u0119dzie przeszkadza\u0142 innym u\u017cytkownikom.<\/span><\/p>\n<p><span style=\"font-family: Times New Roman, serif;\">W 2019 roku cz\u0119stochowska Stra\u017c Miejska zleci\u0142a ju\u017c odholowanie 1 pojazdu. W najbli\u017cszych 12 miesi\u0105cach cz\u0119stochowski Miejski Zarz\u0105d Dr\u00f3g i Transportu wsp\u00f3lnie ze Stra\u017c\u0105 Miejsk\u0105 oraz Wydzia\u0142em Ochrony \u015arodowiska, Le\u015bnictwa i Rolnictwa Urz\u0119du Miasta przeprowadzi szereg dzia\u0142a\u0144, kt\u00f3re b\u0119d\u0105 mia\u0142y na celu przyczynienie si\u0119 do poprawy warunk\u00f3w i sposobu parkowania przez kierowc\u00f3w w naszym mie\u015bcie. Jednocze\u015bnie te dzia\u0142ania w ramach kampanii \u201eLepsze parkowanie\u201d maj\u0105 przyczyni\u0107 si\u0119 do poprawy estetyki i bezpiecze\u0144stwa poruszania si\u0119 w przestrzeni publicznej.<\/span><\/p>\n<p><span style=\"font-family: Times New Roman, serif;\">Widzisz auto zaparkowane niezgodnie z przepisami. Dzwo\u0144 do Stra\u017cy Miejskiej: 986.<\/span><\/p>\n<p><em><span style=\"font-family: Times New Roman, serif;\">(MZDiT\/red.)<\/span><\/em><\/p>\n<p><em>fot. MZDiT Cz\u0119stochowa<\/em><\/p>\n","protected":false},"excerpt":{"rendered":"<p>&nbsp; Cz\u0119stochowska Stra\u017c Miejska oczyszcza miejsca parkingowe z samochodowych wrak\u00f3w. W 2018 roku dzi\u0119ki skutecznym interwencjom cz\u0119stochowskich stra\u017cnik\u00f3w miejskich na terenie miasta zwolni\u0142o si\u0119<\/p>\n","protected":false},"author":3,"featured_media":0,"comment_status":"open","ping_status":"closed","sticky":false,"template":"","format":"standard","meta":{"_monsterinsights_skip_tracking":false,"_monsterinsights_sitenote_active":false,"_monsterinsights_sitenote_note":"","_monsterinsights_sitenote_category":0,"_uf_show_specific_survey":0,"_uf_disable_surveys":false,"footnotes":""},"categories":[3,18,2],"tags":[],"class_list":["post-1666","post","type-post","status-publish","format-standard","hentry","category-czestochowa-informacje","category-motoryzacja","category-wiadomosci"],"_links":{"self":[{"href":"https:\/\/gazetaregionalna.com\/index.php?rest_route=\/wp\/v2\/posts\/1666","targetHints":{"allow":["GET"]}}],"collection":[{"href":"https:\/\/gazetaregionalna.com\/index.php?rest_route=\/wp\/v2\/posts"}],"about":[{"href":"https:\/\/gazetaregionalna.com\/index.php?rest_route=\/wp\/v2\/types\/post"}],"author":[{"embeddable":true,"href":"https:\/\/gazetaregionalna.com\/index.php?rest_route=\/wp\/v2\/users\/3"}],"replies":[{"embeddable":true,"href":"https:\/\/gazetaregionalna.com\/index.php?rest_route=%2Fwp%2Fv2%2Fcomments&post=1666"}],"version-history":[{"count":2,"href":"https:\/\/gazetaregionalna.com\/index.php?rest_route=\/wp\/v2\/posts\/1666\/revisions"}],"predecessor-version":[{"id":1668,"href":"https:\/\/gazetaregionalna.com\/index.php?rest_route=\/wp\/v2\/posts\/1666\/revisions\/1668"}],"wp:attachment":[{"href":"https:\/\/gazetaregionalna.com\/index.php?rest_route=%2Fwp%2Fv2%2Fmedia&parent=1666"}],"wp:term":[{"taxonomy":"category","embeddable":true,"href":"https:\/\/gazetaregionalna.com\/index.php?rest_route=%2Fwp%2Fv2%2Fcategories&post=1666"},{"taxonomy":"post_tag","embeddable":true,"href":"https:\/\/gazetaregionalna.com\/index.php?rest_route=%2Fwp%2Fv2%2Ftags&post=1666"}],"curies":[{"name":"wp","href":"https:\/\/api.w.org\/{rel}","templated":true}]}}