{"id":16642,"date":"2020-07-20T15:34:28","date_gmt":"2020-07-20T15:34:28","guid":{"rendered":"https:\/\/gazetaregionalna.com\/?p=16642"},"modified":"2020-07-20T15:34:29","modified_gmt":"2020-07-20T15:34:29","slug":"galeria-jurajska-czestochowianka-3","status":"publish","type":"post","link":"https:\/\/gazetaregionalna.com\/?p=16642","title":{"rendered":"Galeria Jurajska Cz\u0119stochowianka buduje sk\u0142ad na I lig\u0119. Przysz\u0142y Patrycja Jakubowska i Natalia Sidor. Jest ju\u017c 14 siatkarek"},"content":{"rendered":"\n<p>Galeria Jurajska Cz\u0119stochowianka\nko\u0144czy kompletowanie sk\u0142adu na gr\u0119 w I lidze. W kadrze zespo\u0142u\njest ju\u017c 14 siatkarek.<\/p>\n\n\n\n<p>W ostatnich dniach do Galerii Jurajska Cz\u0119stochowianka do\u0142\u0105czy\u0142y atakuj\u0105ca <strong>Natalia Sidor<\/strong> oraz \u015brodkowa <strong>Patrycja Jakubowska<\/strong>. <strong>Sidor <\/strong>do Cz\u0119stochowy przenios\u0142a si\u0119 z BAS Bia\u0142ystok, a <strong>Jakubowska<\/strong> z PMKS Nike W\u0119gr\u00f3w.  <\/p>\n\n\n\n<p>Trenerzy Galeria Jurajska Cz\u0119stochowianki <strong>Andrzej Stelmach<\/strong> i <strong>Anita Krzyczmonik<\/strong> w sk\u0142adzie maj\u0105 ju\u017c: <strong>Angel\u0119 Mroczek<\/strong> (przyjmuj\u0105ca), <strong>King\u0119 Wysoki\u0144sk\u0105<\/strong> (libero), <strong>Izabel\u0119 Matyszczak <\/strong>(rozgrywaj\u0105ca), <strong>Agat\u0119 Pietrzkiewicz<\/strong> (przyjmuj\u0105ca), <strong>Wiolett\u0119 Lach<\/strong> (\u015brodkowa), <strong>Wiktori\u0119 Szumer\u0119<\/strong> (atakuj\u0105ca), <strong>Zuzann\u0119 Szynkiel <\/strong>(przyjmuj\u0105ca), <strong>Magdalen\u0119 Ociep\u0119<\/strong> (\u015brodkowa), <strong>Justyn\u0119 Zych<\/strong> (rozgrywaj\u0105ca), <strong>Michalin\u0119 Sochaczewsk\u0105<\/strong> (przyjmuj\u0105ca), <strong>Rozali\u0119 Hnatyszyn<\/strong> (przyjmuj\u0105ca) i <strong>Magdalen\u0119 Piekarz<\/strong> (libero).<\/p>\n\n\n\n<p>Rozgrywki w I lidze kobiet maj\u0105\nrozpocz\u0105\u0107 si\u0119 26 wrze\u015bnia.  \n<\/p>\n","protected":false},"excerpt":{"rendered":"<p>Galeria Jurajska Cz\u0119stochowianka ko\u0144czy kompletowanie sk\u0142adu na gr\u0119 w I lidze. W kadrze zespo\u0142u jest ju\u017c 14 siatkarek. W ostatnich dniach do Galerii Jurajska<\/p>\n","protected":false},"author":15,"featured_media":0,"comment_status":"open","ping_status":"open","sticky":false,"template":"","format":"standard","meta":{"_monsterinsights_skip_tracking":false,"_monsterinsights_sitenote_active":false,"_monsterinsights_sitenote_note":"","_monsterinsights_sitenote_category":0,"_uf_show_specific_survey":0,"_uf_disable_surveys":false,"footnotes":""},"categories":[5,8],"tags":[],"class_list":["post-16642","post","type-post","status-publish","format-standard","hentry","category-sport","category-siatkowka"],"_links":{"self":[{"href":"https:\/\/gazetaregionalna.com\/index.php?rest_route=\/wp\/v2\/posts\/16642","targetHints":{"allow":["GET"]}}],"collection":[{"href":"https:\/\/gazetaregionalna.com\/index.php?rest_route=\/wp\/v2\/posts"}],"about":[{"href":"https:\/\/gazetaregionalna.com\/index.php?rest_route=\/wp\/v2\/types\/post"}],"author":[{"embeddable":true,"href":"https:\/\/gazetaregionalna.com\/index.php?rest_route=\/wp\/v2\/users\/15"}],"replies":[{"embeddable":true,"href":"https:\/\/gazetaregionalna.com\/index.php?rest_route=%2Fwp%2Fv2%2Fcomments&post=16642"}],"version-history":[{"count":2,"href":"https:\/\/gazetaregionalna.com\/index.php?rest_route=\/wp\/v2\/posts\/16642\/revisions"}],"predecessor-version":[{"id":16644,"href":"https:\/\/gazetaregionalna.com\/index.php?rest_route=\/wp\/v2\/posts\/16642\/revisions\/16644"}],"wp:attachment":[{"href":"https:\/\/gazetaregionalna.com\/index.php?rest_route=%2Fwp%2Fv2%2Fmedia&parent=16642"}],"wp:term":[{"taxonomy":"category","embeddable":true,"href":"https:\/\/gazetaregionalna.com\/index.php?rest_route=%2Fwp%2Fv2%2Fcategories&post=16642"},{"taxonomy":"post_tag","embeddable":true,"href":"https:\/\/gazetaregionalna.com\/index.php?rest_route=%2Fwp%2Fv2%2Ftags&post=16642"}],"curies":[{"name":"wp","href":"https:\/\/api.w.org\/{rel}","templated":true}]}}