{"id":16639,"date":"2020-07-20T15:05:38","date_gmt":"2020-07-20T15:05:38","guid":{"rendered":"https:\/\/gazetaregionalna.com\/?p=16639"},"modified":"2020-07-20T15:05:39","modified_gmt":"2020-07-20T15:05:39","slug":"marcel-pospiech","status":"publish","type":"post","link":"https:\/\/gazetaregionalna.com\/?p=16639","title":{"rendered":"Marcel Po\u015bpiech i Jakub Kantorowicz z Norwida Cz\u0119stochowa na 9. miejscu w p\u00f3\u0142finale Mistrzostw Polski w Mys\u0142owicach. Olczyk i Kwiatecki te\u017c na 9. pozycji"},"content":{"rendered":"\n<p><strong>Marcel Po\u015bpiech<\/strong> z <strong>Jakubem Kontorowiczem<\/strong> z Norwida Cz\u0119stochowa i jednocze\u015bnie BVB Team Cz\u0119stochowa grali w P\u00f3\u0142finale Mistrzostw Polski kadet\u00f3w w siatk\u00f3wce pla\u017cowej. Cz\u0119stochowska para zaj\u0119\u0142a 9. miejsce na 32 duety i niestety nie awansowa\u0142a do turnieju fina\u0142owego. Na 9. miejscu sklasyfikowano te\u017c drug\u0105 par\u0119 Norwida <strong>Bartosza Olczyka<\/strong> i <strong>Seweryna Kwiateckiego<\/strong>.   <\/p>\n\n\n\n<p><strong>Marcel Po\u015bpiech<\/strong> i <strong>Jakub Kantorowicz<\/strong> zg\u0142oszeni byli jako siatkarze Exact Systems Norwid Cz\u0119stochowa. Codziennie trenuj\u0105 jednak pod okiem wielokrotnego medalisty Mistrzostw Polski i uczestnika turniej\u00f3w mi\u0119dzynarodowych <strong>Dariusza Parkitnego<\/strong> i promuj\u0105 BVB Team Cz\u0119stochowa. Cz\u0119stochowianie znale\u017ali si\u0119 w stawce 32 bardzo mocnych par z Polski po\u0142udniowej (drugi p\u00f3\u0142fina\u0142 to Polska p\u00f3\u0142nocna). <strong>Po\u015bpiech<\/strong> z <strong>Kantorowiczem<\/strong> pokazali bardzo dobr\u0105 gr\u0119. Kilka akcji: w tym ataki i obrony to klasa mistrzowska. O awansie decydowa\u0142y jednak niuanse&#8230; Cz\u0119stochowska para zosta\u0142a ostatecznie sklasyfikowana na 9. miejscu, a awans wywalczy\u0142y pary od&#8230; 8. pozycji&#8230;<\/p>\n\n\n\n<p>Na 9. pozycji, o w\u0142os od awansu, sklasyfikowano te\u017c drug\u0105 par\u0119 Norwida Cz\u0119stochowa <strong>Bartosza Olczyka<\/strong> i <strong>Seweryna Kwiateckiego<\/strong>.  <\/p>\n\n\n\n<figure class=\"wp-block-image size-large\"><img decoding=\"async\" width=\"720\" height=\"540\" data-src=\"https:\/\/gazetaregionalna.com\/wp-content\/uploads\/2020\/07\/Pospiech-2-1.jpg\" alt=\"\" class=\"wp-image-16638 lazyload\" data-srcset=\"https:\/\/gazetaregionalna.com\/wp-content\/uploads\/2020\/07\/Pospiech-2-1.jpg 720w, https:\/\/gazetaregionalna.com\/wp-content\/uploads\/2020\/07\/Pospiech-2-1-300x225.jpg 300w, https:\/\/gazetaregionalna.com\/wp-content\/uploads\/2020\/07\/Pospiech-2-1-80x60.jpg 80w, https:\/\/gazetaregionalna.com\/wp-content\/uploads\/2020\/07\/Pospiech-2-1-265x198.jpg 265w, https:\/\/gazetaregionalna.com\/wp-content\/uploads\/2020\/07\/Pospiech-2-1-696x522.jpg 696w, https:\/\/gazetaregionalna.com\/wp-content\/uploads\/2020\/07\/Pospiech-2-1-560x420.jpg 560w\" data-sizes=\"(max-width: 720px) 100vw, 720px\" src=\"data:image\/svg+xml;base64,PHN2ZyB3aWR0aD0iMSIgaGVpZ2h0PSIxIiB4bWxucz0iaHR0cDovL3d3dy53My5vcmcvMjAwMC9zdmciPjwvc3ZnPg==\" style=\"--smush-placeholder-width: 720px; --smush-placeholder-aspect-ratio: 720\/540;\" \/><\/figure>\n\n\n\n<p>To by\u0142 jednak bardzo udany sezon dla <strong>Kantorowicza<\/strong> i <strong>Po\u015bpiecha<\/strong>. Przypomnijmy, \u017ce wywalczyli srebrne medale i tytu\u0142y wicemistrz\u00f3w wojew\u00f3dztwa \u015bl\u0105skiego kadet\u00f3w, kt\u00f3re jest bardzo mocne siatkarsko. W mi\u0119dzyczasie walczyli te\u017c w mi\u0119dzynarodowym Pucharze Ba\u0142tyku, gdzie zaj\u0119li wysokie miejsca.  Teraz w turnieju p\u00f3\u0142fina\u0142owym mistrzostw Polski kadet\u00f3w byli o krok od awansu i by\u0107 mo\u017ce blisko walki o medale Mistrzostw Polski&#8230;  <\/p>\n\n\n\n<figure class=\"wp-block-image size-large\"><img decoding=\"async\" width=\"720\" height=\"540\" data-src=\"https:\/\/gazetaregionalna.com\/wp-content\/uploads\/2020\/07\/Pospiech-1.jpg\" alt=\"\" class=\"wp-image-16637 lazyload\" data-srcset=\"https:\/\/gazetaregionalna.com\/wp-content\/uploads\/2020\/07\/Pospiech-1.jpg 720w, https:\/\/gazetaregionalna.com\/wp-content\/uploads\/2020\/07\/Pospiech-1-300x225.jpg 300w, https:\/\/gazetaregionalna.com\/wp-content\/uploads\/2020\/07\/Pospiech-1-80x60.jpg 80w, https:\/\/gazetaregionalna.com\/wp-content\/uploads\/2020\/07\/Pospiech-1-265x198.jpg 265w, https:\/\/gazetaregionalna.com\/wp-content\/uploads\/2020\/07\/Pospiech-1-696x522.jpg 696w, https:\/\/gazetaregionalna.com\/wp-content\/uploads\/2020\/07\/Pospiech-1-560x420.jpg 560w\" data-sizes=\"(max-width: 720px) 100vw, 720px\" src=\"data:image\/svg+xml;base64,PHN2ZyB3aWR0aD0iMSIgaGVpZ2h0PSIxIiB4bWxucz0iaHR0cDovL3d3dy53My5vcmcvMjAwMC9zdmciPjwvc3ZnPg==\" style=\"--smush-placeholder-width: 720px; --smush-placeholder-aspect-ratio: 720\/540;\" \/><\/figure>\n\n\n\n<p>&#8211; W tym roku ko\u0144czymy ju\u017c sezon m\u0142odzie\u017cowy \u2013 m\u00f3wi tata Marcel <strong>Rafa\u0142 Po\u015bpiech<\/strong>, kt\u00f3ry jednocze\u015bnie jest te\u017c Przewodnicz\u0105cym Wydzia\u0142u Siatk\u00f3wki Pla\u017cowej PZPS. &#8211; Do awansu naszych 3 par: junior\u00f3w i kadet\u00f3w zabrak\u0142o tylko i a\u017c jednego zwyci\u0119stwa. Analiza gry naszych zawodnik\u00f3w przez trenera <strong>Dariusza Parkitnego <\/strong>jasno wyznaczy\u0142a nam kierunek pracy w przysz\u0142ym roku. Wiemy co mamy robi\u0107 i nad czym mamy pracowa\u0107. Jeste\u015bmy przekonani, \u017ce za rok b\u0119dziemy silniejsi. Serdecznie dzi\u0119kujemy ca\u0142ej naszej sz\u00f3stce za ich ci\u0119\u017ck\u0105 prac\u0119. Dzi\u0119kujemy trenerowi <strong>Darkowi Parkitnemu<\/strong> za treningi i prac\u0119 z ch\u0142opakami. Rodzicom i kibicom, tym kt\u00f3rzy ogl\u0105dali nasze spotkania i kibicowali nam, chcemy nisko si\u0119 pochyli\u0107. Otrzymali\u015bmy mn\u00f3stwo szczerych i ciep\u0142ych s\u0142\u00f3w.<\/p>\n\n\n\n<figure class=\"wp-block-image size-large\"><img decoding=\"async\" width=\"720\" height=\"960\" data-src=\"https:\/\/gazetaregionalna.com\/wp-content\/uploads\/2020\/07\/Ula-1.jpg\" alt=\"\" class=\"wp-image-16550 lazyload\" data-srcset=\"https:\/\/gazetaregionalna.com\/wp-content\/uploads\/2020\/07\/Ula-1.jpg 720w, https:\/\/gazetaregionalna.com\/wp-content\/uploads\/2020\/07\/Ula-1-225x300.jpg 225w, https:\/\/gazetaregionalna.com\/wp-content\/uploads\/2020\/07\/Ula-1-696x928.jpg 696w, https:\/\/gazetaregionalna.com\/wp-content\/uploads\/2020\/07\/Ula-1-315x420.jpg 315w\" data-sizes=\"(max-width: 720px) 100vw, 720px\" src=\"data:image\/svg+xml;base64,PHN2ZyB3aWR0aD0iMSIgaGVpZ2h0PSIxIiB4bWxucz0iaHR0cDovL3d3dy53My5vcmcvMjAwMC9zdmciPjwvc3ZnPg==\" style=\"--smush-placeholder-width: 720px; --smush-placeholder-aspect-ratio: 720\/960;\" \/><\/figure>\n\n\n\n<p>W sezonie 2020 o medale Mistrzostw Polski b\u0119d\u0105 walczy\u0107 tylko siatkarki z cz\u0119stochowskich klub\u00f3w. Przypomnijmy, \u017ce w Og\u00f3lnopolskiej Olimpiadzie M\u0142odzie\u017cy i jednocze\u015bnie finale Mistrzostw Polski kadetek zagra para Galeria Jurajska Cz\u0119stochowianka: <strong>Ma\u0142gorzata Kozak<\/strong> i <strong>Martyna Chmielewska<\/strong> trenowane przez <strong>Urszul\u0119 Jedrys-Szynkiel<\/strong>. W turnieju fina\u0142owym Mistrzostw Polski juniorek powalcz\u0105: <strong>Aneta Grabi\u0144ska<\/strong> i <strong>Kinga Woszczy\u0144ska<\/strong> z AZS-u Cz\u0119stochowa (trener <strong>Adam St\u0119pniak<\/strong>) oraz <strong>Aleksandra Langier<\/strong> i <strong>Natalia Kowalik<\/strong> z Corony Rudniki (trener <strong>Mariusz Kowalik<\/strong>).<\/p>\n\n\n\n<figure class=\"wp-block-gallery columns-1 is-cropped wp-block-gallery-1 is-layout-flex wp-block-gallery-is-layout-flex\"><ul class=\"blocks-gallery-grid\"><li class=\"blocks-gallery-item\"><figure><img decoding=\"async\" width=\"1024\" height=\"768\" data-src=\"https:\/\/gazetaregionalna.com\/wp-content\/uploads\/2020\/07\/Strzelin-1-1024x768.jpeg\" alt=\"\" data-id=\"16240\" data-full-url=\"https:\/\/gazetaregionalna.com\/wp-content\/uploads\/2020\/07\/Strzelin-1.jpeg\" data-link=\"https:\/\/gazetaregionalna.com\/strzelin-1\/\" class=\"wp-image-16240 lazyload\" data-srcset=\"https:\/\/gazetaregionalna.com\/wp-content\/uploads\/2020\/07\/Strzelin-1-1024x768.jpeg 1024w, https:\/\/gazetaregionalna.com\/wp-content\/uploads\/2020\/07\/Strzelin-1-300x225.jpeg 300w, https:\/\/gazetaregionalna.com\/wp-content\/uploads\/2020\/07\/Strzelin-1-768x576.jpeg 768w, https:\/\/gazetaregionalna.com\/wp-content\/uploads\/2020\/07\/Strzelin-1-1536x1152.jpeg 1536w, https:\/\/gazetaregionalna.com\/wp-content\/uploads\/2020\/07\/Strzelin-1-80x60.jpeg 80w, https:\/\/gazetaregionalna.com\/wp-content\/uploads\/2020\/07\/Strzelin-1-265x198.jpeg 265w, https:\/\/gazetaregionalna.com\/wp-content\/uploads\/2020\/07\/Strzelin-1-696x522.jpeg 696w, https:\/\/gazetaregionalna.com\/wp-content\/uploads\/2020\/07\/Strzelin-1-1068x801.jpeg 1068w, https:\/\/gazetaregionalna.com\/wp-content\/uploads\/2020\/07\/Strzelin-1-560x420.jpeg 560w, https:\/\/gazetaregionalna.com\/wp-content\/uploads\/2020\/07\/Strzelin-1.jpeg 1200w\" data-sizes=\"(max-width: 1024px) 100vw, 1024px\" src=\"data:image\/svg+xml;base64,PHN2ZyB3aWR0aD0iMSIgaGVpZ2h0PSIxIiB4bWxucz0iaHR0cDovL3d3dy53My5vcmcvMjAwMC9zdmciPjwvc3ZnPg==\" style=\"--smush-placeholder-width: 1024px; --smush-placeholder-aspect-ratio: 1024\/768;\" \/><\/figure><\/li><\/ul><\/figure>\n\n\n\n<p>Foto: Archiwum Rafa\u0142a Po\u015bpiecha, Urszuli J\u0119drys-Szynkiel i Mariusza Kowalika <\/p>\n","protected":false},"excerpt":{"rendered":"<p>Marcel Po\u015bpiech z Jakubem Kontorowiczem z Norwida Cz\u0119stochowa i jednocze\u015bnie BVB Team Cz\u0119stochowa grali w P\u00f3\u0142finale Mistrzostw Polski kadet\u00f3w w siatk\u00f3wce pla\u017cowej. Cz\u0119stochowska para<\/p>\n","protected":false},"author":15,"featured_media":16637,"comment_status":"open","ping_status":"open","sticky":false,"template":"","format":"standard","meta":{"_monsterinsights_skip_tracking":false,"_monsterinsights_sitenote_active":false,"_monsterinsights_sitenote_note":"","_monsterinsights_sitenote_category":0,"_uf_show_specific_survey":0,"_uf_disable_surveys":false,"footnotes":""},"categories":[5,3,8,2],"tags":[],"class_list":["post-16639","post","type-post","status-publish","format-standard","has-post-thumbnail","hentry","category-sport","category-czestochowa-informacje","category-siatkowka","category-wiadomosci"],"_links":{"self":[{"href":"https:\/\/gazetaregionalna.com\/index.php?rest_route=\/wp\/v2\/posts\/16639","targetHints":{"allow":["GET"]}}],"collection":[{"href":"https:\/\/gazetaregionalna.com\/index.php?rest_route=\/wp\/v2\/posts"}],"about":[{"href":"https:\/\/gazetaregionalna.com\/index.php?rest_route=\/wp\/v2\/types\/post"}],"author":[{"embeddable":true,"href":"https:\/\/gazetaregionalna.com\/index.php?rest_route=\/wp\/v2\/users\/15"}],"replies":[{"embeddable":true,"href":"https:\/\/gazetaregionalna.com\/index.php?rest_route=%2Fwp%2Fv2%2Fcomments&post=16639"}],"version-history":[{"count":2,"href":"https:\/\/gazetaregionalna.com\/index.php?rest_route=\/wp\/v2\/posts\/16639\/revisions"}],"predecessor-version":[{"id":16641,"href":"https:\/\/gazetaregionalna.com\/index.php?rest_route=\/wp\/v2\/posts\/16639\/revisions\/16641"}],"wp:featuredmedia":[{"embeddable":true,"href":"https:\/\/gazetaregionalna.com\/index.php?rest_route=\/wp\/v2\/media\/16637"}],"wp:attachment":[{"href":"https:\/\/gazetaregionalna.com\/index.php?rest_route=%2Fwp%2Fv2%2Fmedia&parent=16639"}],"wp:term":[{"taxonomy":"category","embeddable":true,"href":"https:\/\/gazetaregionalna.com\/index.php?rest_route=%2Fwp%2Fv2%2Fcategories&post=16639"},{"taxonomy":"post_tag","embeddable":true,"href":"https:\/\/gazetaregionalna.com\/index.php?rest_route=%2Fwp%2Fv2%2Ftags&post=16639"}],"curies":[{"name":"wp","href":"https:\/\/api.w.org\/{rel}","templated":true}]}}