{"id":16631,"date":"2020-07-20T13:20:31","date_gmt":"2020-07-20T13:20:31","guid":{"rendered":"https:\/\/gazetaregionalna.com\/?p=16631"},"modified":"2020-07-20T13:20:33","modified_gmt":"2020-07-20T13:20:33","slug":"gmina-blachownia","status":"publish","type":"post","link":"https:\/\/gazetaregionalna.com\/?p=16631","title":{"rendered":"Gmina Blachownia promuje staw"},"content":{"rendered":"\n<h2 class=\"wp-block-heading\">Gmina Blachownia zaprasza dzi\u015b o godzinie 18:50 do obejrzenia w telewizji NTL filmu promocyjnego dotycz\u0105cego realizacji zadania pt. &#8222;Rekultywacja \u015br\u00f3dmiejskiego zbiornika Blachownia wraz z zagospodarowaniem otoczenia&#8221;.<\/h2>\n\n\n\n<p>Materia\u0142 promocyjny sfinansowany zosta\u0142 ze \u015brodk\u00f3w Unii Europejskiej w ramach\nII Programu Operacyjnego Infrastruktura i \u015arodowisko 2014-2020.<\/p>\n\n\n\n<p>\u00a0Film b\u0119dzie dost\u0119pny tak\u017ce na stronie internetowej <a rel=\"noreferrer noopener\" href=\"https:\/\/l.facebook.com\/l.php?u=http%3A%2F%2Fwww.blachownia.pl%2F%3Ffbclid%3DIwAR1WIWE5Fh9FZE5kza3fgjTSFLx4vTyvXJlOph3gQLRtugWhjojEuaMQgxo&amp;h=AT3zpk7TUfhAG1EupSoFzUmeF1y0FnFttX483WO8wHWQuYfB9hRNUBKUhSMvJ3f05vMM24N2R0fq6TBrTUsbzuQzBlz1Lc0_l3D3jiGJMaIas2I38Jjt3bnVPdhbYJZiFVo&amp;__tn__=-UK-R&amp;c%5b0%5d=AT2syC-f8i_fqVKpXsJSNqPgKzqlZjJdFl2Svl_OyXkX2_KvSv2R22-9EgnM7epNCKJBUstqxDFBzMn4HXhtEICFnhVvspTTPrwUCStrzDcPL97JCeWXG-6bgVPvx1WvPZcIqtqi8hSBFaL7A1QEWQt07-3fOkZFK6zRXgZmEAlN7ougNUWjwdxSOZvTJn8\" target=\"_blank\" class=\"rank-math-link\">www.blachownia.pl.<\/a><\/p>\n\n\n\n<figure class=\"wp-block-image size-large\"><img decoding=\"async\" width=\"1024\" height=\"724\" data-src=\"https:\/\/gazetaregionalna.com\/wp-content\/uploads\/2020\/07\/plakat-7-1024x724.jpg\" alt=\"\" class=\"wp-image-16633 lazyload\" data-srcset=\"https:\/\/gazetaregionalna.com\/wp-content\/uploads\/2020\/07\/plakat-7-1024x724.jpg 1024w, https:\/\/gazetaregionalna.com\/wp-content\/uploads\/2020\/07\/plakat-7-300x212.jpg 300w, https:\/\/gazetaregionalna.com\/wp-content\/uploads\/2020\/07\/plakat-7-768x543.jpg 768w, https:\/\/gazetaregionalna.com\/wp-content\/uploads\/2020\/07\/plakat-7-1536x1086.jpg 1536w, https:\/\/gazetaregionalna.com\/wp-content\/uploads\/2020\/07\/plakat-7-100x70.jpg 100w, https:\/\/gazetaregionalna.com\/wp-content\/uploads\/2020\/07\/plakat-7-696x492.jpg 696w, https:\/\/gazetaregionalna.com\/wp-content\/uploads\/2020\/07\/plakat-7-1068x755.jpg 1068w, https:\/\/gazetaregionalna.com\/wp-content\/uploads\/2020\/07\/plakat-7-594x420.jpg 594w, https:\/\/gazetaregionalna.com\/wp-content\/uploads\/2020\/07\/plakat-7.jpg 1200w\" data-sizes=\"(max-width: 1024px) 100vw, 1024px\" src=\"data:image\/svg+xml;base64,PHN2ZyB3aWR0aD0iMSIgaGVpZ2h0PSIxIiB4bWxucz0iaHR0cDovL3d3dy53My5vcmcvMjAwMC9zdmciPjwvc3ZnPg==\" style=\"--smush-placeholder-width: 1024px; --smush-placeholder-aspect-ratio: 1024\/724;\" \/><\/figure>\n\n\n\n<p>(\u0179r\u00f3d\u0142o: Gmina Blachownia)<\/p>\n","protected":false},"excerpt":{"rendered":"<p>Gmina Blachownia zaprasza dzi\u015b o godzinie 18:50 do obejrzenia w telewizji NTL filmu promocyjnego dotycz\u0105cego realizacji zadania pt. &#8222;Rekultywacja \u015br\u00f3dmiejskiego zbiornika Blachownia wraz z<\/p>\n","protected":false},"author":12,"featured_media":16634,"comment_status":"open","ping_status":"open","sticky":false,"template":"","format":"standard","meta":{"_monsterinsights_skip_tracking":false,"_monsterinsights_sitenote_active":false,"_monsterinsights_sitenote_note":"","_monsterinsights_sitenote_category":0,"_uf_show_specific_survey":0,"_uf_disable_surveys":false,"footnotes":""},"categories":[33,3,94,4,13],"tags":[],"class_list":["post-16631","post","type-post","status-publish","format-standard","has-post-thumbnail","hentry","category-inwestycje","category-czestochowa-informacje","category-polecane","category-region","category-wydarzenia"],"_links":{"self":[{"href":"https:\/\/gazetaregionalna.com\/index.php?rest_route=\/wp\/v2\/posts\/16631","targetHints":{"allow":["GET"]}}],"collection":[{"href":"https:\/\/gazetaregionalna.com\/index.php?rest_route=\/wp\/v2\/posts"}],"about":[{"href":"https:\/\/gazetaregionalna.com\/index.php?rest_route=\/wp\/v2\/types\/post"}],"author":[{"embeddable":true,"href":"https:\/\/gazetaregionalna.com\/index.php?rest_route=\/wp\/v2\/users\/12"}],"replies":[{"embeddable":true,"href":"https:\/\/gazetaregionalna.com\/index.php?rest_route=%2Fwp%2Fv2%2Fcomments&post=16631"}],"version-history":[{"count":2,"href":"https:\/\/gazetaregionalna.com\/index.php?rest_route=\/wp\/v2\/posts\/16631\/revisions"}],"predecessor-version":[{"id":16635,"href":"https:\/\/gazetaregionalna.com\/index.php?rest_route=\/wp\/v2\/posts\/16631\/revisions\/16635"}],"wp:featuredmedia":[{"embeddable":true,"href":"https:\/\/gazetaregionalna.com\/index.php?rest_route=\/wp\/v2\/media\/16634"}],"wp:attachment":[{"href":"https:\/\/gazetaregionalna.com\/index.php?rest_route=%2Fwp%2Fv2%2Fmedia&parent=16631"}],"wp:term":[{"taxonomy":"category","embeddable":true,"href":"https:\/\/gazetaregionalna.com\/index.php?rest_route=%2Fwp%2Fv2%2Fcategories&post=16631"},{"taxonomy":"post_tag","embeddable":true,"href":"https:\/\/gazetaregionalna.com\/index.php?rest_route=%2Fwp%2Fv2%2Ftags&post=16631"}],"curies":[{"name":"wp","href":"https:\/\/api.w.org\/{rel}","templated":true}]}}