{"id":16627,"date":"2020-07-20T12:46:02","date_gmt":"2020-07-20T12:46:02","guid":{"rendered":"https:\/\/gazetaregionalna.com\/?p=16627"},"modified":"2020-07-20T12:46:04","modified_gmt":"2020-07-20T12:46:04","slug":"zmiana-organizacji-ruchu","status":"publish","type":"post","link":"https:\/\/gazetaregionalna.com\/?p=16627","title":{"rendered":"Uwaga! Od czwartku zmiana organizacji ruchu na ul. Reymonta w Radomsku"},"content":{"rendered":"\n<h2 class=\"wp-block-heading\"> Od 23 lipca 2020 roku, nast\u0105pi zmiana organizacji ruchu na wyremontowanym odcinku ul. Reymonta w Radomsku, mianowicie deptak zostanie wy\u0142\u0105czony z ruchu dla zmotoryzowanych. <\/h2>\n\n\n\n<p> W zwi\u0105zku z licznymi pro\u015bbami mieszka\u0144c\u00f3w, a tak\u017ce uszkodzeniami nawierzchni spowodowanymi parkuj\u0105cymi samochodami m.in. przez wyciek oleju z pojazd\u00f3w o z\u0142ym stanie technicznym, zdecydowano o konieczno\u015bci wprowadzenia zakazu postoju od strony poczty i warunkowego zakazu zatrzymywania si\u0119 po drugiej stronie jezdni. <\/p>\n\n\n\n<p>Zakaz postoju nie b\u0119dzie dotyczy\u0142 pojazd\u00f3w zaopatrzenia w godzinach od 9:00 do 11:00 i od godziny 16:00 do 18:00.<\/p>\n\n\n\n<p>Nowa organizacja ruchu dotyczy\u0107 b\u0119dzie oddanego w tym roku do u\u017cytku wyremontowanego odcinka ul. Reymonta &#8211; od skrzy\u017cowania z ul. Narutowicza i ul. Krakowsk\u0105 do skrzy\u017cowania z ul. \u017beromskiego.<\/p>\n\n\n\n<p>(\u0179r\u00f3d\u0142o: UM Radomsko)<\/p>\n","protected":false},"excerpt":{"rendered":"<p>Od 23 lipca 2020 roku, nast\u0105pi zmiana organizacji ruchu na wyremontowanym odcinku ul. Reymonta w Radomsku, mianowicie deptak zostanie wy\u0142\u0105czony z ruchu dla zmotoryzowanych.<\/p>\n","protected":false},"author":12,"featured_media":16630,"comment_status":"open","ping_status":"open","sticky":false,"template":"","format":"standard","meta":{"_monsterinsights_skip_tracking":false,"_monsterinsights_sitenote_active":false,"_monsterinsights_sitenote_note":"","_monsterinsights_sitenote_category":0,"_uf_show_specific_survey":0,"_uf_disable_surveys":false,"footnotes":""},"categories":[20,18,94,28,2],"tags":[],"class_list":["post-16627","post","type-post","status-publish","format-standard","has-post-thumbnail","hentry","category-budownictwo","category-motoryzacja","category-polecane","category-radomsko","category-wiadomosci"],"_links":{"self":[{"href":"https:\/\/gazetaregionalna.com\/index.php?rest_route=\/wp\/v2\/posts\/16627","targetHints":{"allow":["GET"]}}],"collection":[{"href":"https:\/\/gazetaregionalna.com\/index.php?rest_route=\/wp\/v2\/posts"}],"about":[{"href":"https:\/\/gazetaregionalna.com\/index.php?rest_route=\/wp\/v2\/types\/post"}],"author":[{"embeddable":true,"href":"https:\/\/gazetaregionalna.com\/index.php?rest_route=\/wp\/v2\/users\/12"}],"replies":[{"embeddable":true,"href":"https:\/\/gazetaregionalna.com\/index.php?rest_route=%2Fwp%2Fv2%2Fcomments&post=16627"}],"version-history":[{"count":2,"href":"https:\/\/gazetaregionalna.com\/index.php?rest_route=\/wp\/v2\/posts\/16627\/revisions"}],"predecessor-version":[{"id":16629,"href":"https:\/\/gazetaregionalna.com\/index.php?rest_route=\/wp\/v2\/posts\/16627\/revisions\/16629"}],"wp:featuredmedia":[{"embeddable":true,"href":"https:\/\/gazetaregionalna.com\/index.php?rest_route=\/wp\/v2\/media\/16630"}],"wp:attachment":[{"href":"https:\/\/gazetaregionalna.com\/index.php?rest_route=%2Fwp%2Fv2%2Fmedia&parent=16627"}],"wp:term":[{"taxonomy":"category","embeddable":true,"href":"https:\/\/gazetaregionalna.com\/index.php?rest_route=%2Fwp%2Fv2%2Fcategories&post=16627"},{"taxonomy":"post_tag","embeddable":true,"href":"https:\/\/gazetaregionalna.com\/index.php?rest_route=%2Fwp%2Fv2%2Ftags&post=16627"}],"curies":[{"name":"wp","href":"https:\/\/api.w.org\/{rel}","templated":true}]}}