{"id":1661,"date":"2019-01-17T11:17:48","date_gmt":"2019-01-17T11:17:48","guid":{"rendered":"http:\/\/gazetaregionalna.com\/?p=1661"},"modified":"2019-01-17T11:17:48","modified_gmt":"2019-01-17T11:17:48","slug":"kpp-myszkow-pijany-kierowca-tira-zatrzymany-na-dk-1","status":"publish","type":"post","link":"https:\/\/gazetaregionalna.com\/?p=1661","title":{"rendered":"KPP Myszk\u00f3w. Pijany kierowca tira zatrzymany na DK-1"},"content":{"rendered":"<p>&nbsp;<\/p>\n<p><span style=\"font-family: Times New Roman, serif;\">W r\u0119ce myszkowskich policjant\u00f3w wpad\u0142 pijany kierowca ci\u0119\u017carowego dafa. 43-latek, kt\u00f3ry jecha\u0142 z Torunia do Jas\u0142a, zosta\u0142 zatrzymany w Siedlcu Du\u017cym.<\/span><\/p>\n<p><span style=\"font-family: Times New Roman, serif;\">Wielk\u0105 nieodpowiedzialno\u015bci\u0105 i brakiem zdrowego rozs\u0105dku wykaza\u0142 si\u0119 43-letni zawodowy kierowca, kt\u00f3rego we wtorek, 15 stycznia ok. godz. 11 zatrzymali policjanci z myszkowskiej drog\u00f3wki. Mimo trudnych warunk\u00f3w na drodze m\u0119\u017cczyzna maj\u0105c ponad 2 promile alkoholu w organizmie, odwa\u017cy\u0142 si\u0119 usi\u0105\u015b\u0107 za k\u00f3\u0142kiem ci\u0119\u017carowego dafa. 43-latek, jad\u0105c DK-1 w Siedlcu Du\u017cym zosta\u0142 wytropiony przez patrol drog\u00f3wki. Styl jazdy kieruj\u0105cego zestawem wzbudzi\u0142 du\u017ce w\u0105tpliwo\u015bci mundurowych. Chwilami wykonywa\u0142 bardzo gwa\u0142towne ruchy kierownic\u0105. Str\u00f3\u017ce prawa niezw\u0142ocznie zatrzymali ten pojazd i dokonali kontroli drogowej. Podejrzenia dotycz\u0105ce stanu trze\u017awo\u015bci kierowcy tira kaza\u0142y si\u0119 s\u0142uszne. Amatorowi jazdy w ekstremalnych warunkach nie uda\u0142o si\u0119 dojecha\u0107 do zaplanowanego celu. Kierowca przewo\u017c\u0105c makulatur\u0119 jecha\u0142 z Torunia do Jas\u0142a. Na szcz\u0119\u015bcie t\u0119 niebezpieczn\u0105 podr\u00f3\u017c przerwa\u0142 policyjny patrol. M\u0119\u017cczyzna zosta\u0142 zatrzymany i trafi\u0142 do policyjnego aresztu. Gro\u017c\u0105 mu nawet 2 lata wi\u0119zienia.\u00a0<\/span><\/p>\n<p><span style=\"font-family: Times New Roman, serif;\">(KPP Myszk\u00f3w)<\/span><\/p>\n","protected":false},"excerpt":{"rendered":"<p>&nbsp; W r\u0119ce myszkowskich policjant\u00f3w wpad\u0142 pijany kierowca ci\u0119\u017carowego dafa. 43-latek, kt\u00f3ry jecha\u0142 z Torunia do Jas\u0142a, zosta\u0142 zatrzymany w Siedlcu Du\u017cym. Wielk\u0105 nieodpowiedzialno\u015bci\u0105<\/p>\n","protected":false},"author":3,"featured_media":0,"comment_status":"open","ping_status":"closed","sticky":false,"template":"","format":"standard","meta":{"_monsterinsights_skip_tracking":false,"_monsterinsights_sitenote_active":false,"_monsterinsights_sitenote_note":"","_monsterinsights_sitenote_category":0,"_uf_show_specific_survey":0,"_uf_disable_surveys":false,"footnotes":""},"categories":[26,13],"tags":[],"class_list":["post-1661","post","type-post","status-publish","format-standard","hentry","category-myszkow","category-wydarzenia"],"_links":{"self":[{"href":"https:\/\/gazetaregionalna.com\/index.php?rest_route=\/wp\/v2\/posts\/1661","targetHints":{"allow":["GET"]}}],"collection":[{"href":"https:\/\/gazetaregionalna.com\/index.php?rest_route=\/wp\/v2\/posts"}],"about":[{"href":"https:\/\/gazetaregionalna.com\/index.php?rest_route=\/wp\/v2\/types\/post"}],"author":[{"embeddable":true,"href":"https:\/\/gazetaregionalna.com\/index.php?rest_route=\/wp\/v2\/users\/3"}],"replies":[{"embeddable":true,"href":"https:\/\/gazetaregionalna.com\/index.php?rest_route=%2Fwp%2Fv2%2Fcomments&post=1661"}],"version-history":[{"count":1,"href":"https:\/\/gazetaregionalna.com\/index.php?rest_route=\/wp\/v2\/posts\/1661\/revisions"}],"predecessor-version":[{"id":1663,"href":"https:\/\/gazetaregionalna.com\/index.php?rest_route=\/wp\/v2\/posts\/1661\/revisions\/1663"}],"wp:attachment":[{"href":"https:\/\/gazetaregionalna.com\/index.php?rest_route=%2Fwp%2Fv2%2Fmedia&parent=1661"}],"wp:term":[{"taxonomy":"category","embeddable":true,"href":"https:\/\/gazetaregionalna.com\/index.php?rest_route=%2Fwp%2Fv2%2Fcategories&post=1661"},{"taxonomy":"post_tag","embeddable":true,"href":"https:\/\/gazetaregionalna.com\/index.php?rest_route=%2Fwp%2Fv2%2Ftags&post=1661"}],"curies":[{"name":"wp","href":"https:\/\/api.w.org\/{rel}","templated":true}]}}