{"id":1654,"date":"2019-01-17T10:48:18","date_gmt":"2019-01-17T10:48:18","guid":{"rendered":"http:\/\/gazetaregionalna.com\/?p=1654"},"modified":"2019-01-17T10:48:18","modified_gmt":"2019-01-17T10:48:18","slug":"zlota-piatka-okf-wybrana","status":"publish","type":"post","link":"https:\/\/gazetaregionalna.com\/?p=1654","title":{"rendered":"\u201eZ\u0142ota Pi\u0105tka\u201d OKF wybrana"},"content":{"rendered":"<p>&nbsp;<\/p>\n<p><span style=\"font-family: Times New Roman, serif;\">Widzowie OKF Iluzja po raz 27. wybrali najlepszy &#8211; ich zdaniem \u2013 film, pokazany na ekranie cz\u0119stochowskiego kina studyjnego w minionym roku. W plebiscycie oddano 643 g\u0142osy.<\/span><\/p>\n<p><span style=\"font-family: Times New Roman, serif;\">&#8211; Widzowie wybierali spo\u015br\u00f3d 156 premierowych film\u00f3w, kt\u00f3re znalaz\u0142y si\u0119 na naszym ekranie w ubieg\u0142ym roku \u2013 informuje <\/span><strong><span style=\"font-family: Times New Roman, serif;\">Ma\u0142gorzata Stasikowska-Lis<\/span><\/strong> <span style=\"font-family: Times New Roman, serif;\">z OKF Iluzja. &#8211; Tegoroczna edycja by\u0142a o tyle nieco odmienna od poprzednich, \u017ce od pocz\u0105tku wy\u0142onili si\u0119 faworyci, podczas gdy najcz\u0119\u015bciej, w ubieg\u0142ych latach, rozproszenie g\u0142os\u00f3w by\u0142o spore. W tym roku pierwsza tr\u00f3jka od razu, od pierwszych dni plebiscytu, zdoby\u0142a mia\u017cd\u017c\u0105c\u0105 przewag\u0105 nad pozosta\u0142ymi tytu\u0142ami. Zwyci\u0119\u017cy\u0142y filmy, kt\u00f3re cieszy\u0142y si\u0119 u nas ogromnym powodzeniem, brakowa\u0142o bilet\u00f3w, musieli\u015bmy dora\u017anie organizowa\u0107 dodatkowe seanse i planowa\u0107 tytu\u0142 ponownie w repertuarze na nast\u0119pny miesi\u0105c. Publiczno\u015b\u0107 wybra\u0142a filmy g\u0142o\u015bne, znacz\u0105ce, uznane, doceniane na festiwalach na ca\u0142ym \u015bwiecie.<\/p>\n<p>Zwyci\u0119\u017cy\u0142a <\/span><span style=\"font-family: Times New Roman, serif;\"><b>Zimna Wojna<\/b><\/span><span style=\"font-family: Times New Roman, serif;\">, kt\u00f3ra otrzyma\u0142a <\/span><span style=\"font-family: Times New Roman, serif;\"><b>126 g\u0142os\u00f3w<\/b><\/span><span style=\"font-family: Times New Roman, serif;\">. Film wy\u015bwietlany by\u0142 na ekranie cz\u0119stochowskiego kina premierowo w czerwcu i lipcu, a potem w listopadzie i grudniu. W sumie odby\u0142y si\u0119 43 seanse, kt\u00f3re obejrza\u0142o \u0142\u0105cznie ponad 3 tysi\u0105ce widz\u00f3w.<\/p>\n<p>Drugie miejsce zaj\u0105\u0142 film, kt\u00f3ry mia\u0142 premier\u0119 w listopadzie &#8211; <\/span><span style=\"font-family: Times New Roman, serif;\"><b>Bohemian Rhapsody <\/b><\/span><span style=\"font-family: Times New Roman, serif;\">zdobywaj\u0105c<\/span><span style=\"font-family: Times New Roman, serif;\"><b> 70 g\u0142os\u00f3w, <\/b><\/span><span style=\"font-family: Times New Roman, serif;\"> a podium uzupe\u0142ni\u0142 obraz Wojtka Smarzowskiego <\/span><span style=\"font-family: Times New Roman, serif;\"><b>Kler<\/b><\/span><span style=\"font-family: Times New Roman, serif;\"> &#8211; <\/span><span style=\"font-family: Times New Roman, serif;\"><b>69 g\u0142os\u00f3w<\/b><\/span><span style=\"font-family: Times New Roman, serif;\">. Na czwartej pozycji uplasowa\u0142a si\u0119 produkcja <\/span><span style=\"font-family: Times New Roman, serif;\"><b>Trzy billboardy za Ebbing, Missouri<\/b><\/span><span style=\"font-family: Times New Roman, serif;\"> &#8211; <\/span><span style=\"font-family: Times New Roman, serif;\"><b>39 g\u0142os\u00f3w<\/b><\/span><span style=\"font-family: Times New Roman, serif;\">, a Z\u0142ot\u0105 Pi\u0105tk\u0119 zamkn\u0105\u0142 najnowszy film Marka Koterskiego <\/span><span style=\"font-family: Times New Roman, serif;\"><b>7 uczu\u0107, kt\u00f3ry <\/b><\/span><span style=\"font-family: Times New Roman, serif;\">otrzyma\u0142<\/span><span style=\"font-family: Times New Roman, serif;\"><b> 25 g\u0142os\u00f3w<\/b><\/span><span style=\"font-family: Times New Roman, serif;\">.<\/p>\n<p>W\u015br\u00f3d uczestnik\u00f3w plebiscytu, kt\u00f3rzy podali wype\u0142niaj\u0105c kupon konkursowy swoje dane kontaktowe, rozlosowane zostan\u0105 nagrody. Zwyci\u0119skie filmy prezentowane b\u0119d\u0105 w lutym na ekranie kina OKF \u201eIluzja\u201d.<\/span><\/p>\n<p><span style=\"font-family: Times New Roman, serif;\">(red.)<\/span><\/p>\n<p>&nbsp;<\/p>\n","protected":false},"excerpt":{"rendered":"<p>&nbsp; Widzowie OKF Iluzja po raz 27. wybrali najlepszy &#8211; ich zdaniem \u2013 film, pokazany na ekranie cz\u0119stochowskiego kina studyjnego w minionym roku. W<\/p>\n","protected":false},"author":3,"featured_media":0,"comment_status":"open","ping_status":"closed","sticky":false,"template":"","format":"standard","meta":{"_monsterinsights_skip_tracking":false,"_monsterinsights_sitenote_active":false,"_monsterinsights_sitenote_note":"","_monsterinsights_sitenote_category":0,"_uf_show_specific_survey":0,"_uf_disable_surveys":false,"footnotes":""},"categories":[3,12,2],"tags":[],"class_list":["post-1654","post","type-post","status-publish","format-standard","hentry","category-czestochowa-informacje","category-kultura-i-rozrywka","category-wiadomosci"],"_links":{"self":[{"href":"https:\/\/gazetaregionalna.com\/index.php?rest_route=\/wp\/v2\/posts\/1654","targetHints":{"allow":["GET"]}}],"collection":[{"href":"https:\/\/gazetaregionalna.com\/index.php?rest_route=\/wp\/v2\/posts"}],"about":[{"href":"https:\/\/gazetaregionalna.com\/index.php?rest_route=\/wp\/v2\/types\/post"}],"author":[{"embeddable":true,"href":"https:\/\/gazetaregionalna.com\/index.php?rest_route=\/wp\/v2\/users\/3"}],"replies":[{"embeddable":true,"href":"https:\/\/gazetaregionalna.com\/index.php?rest_route=%2Fwp%2Fv2%2Fcomments&post=1654"}],"version-history":[{"count":3,"href":"https:\/\/gazetaregionalna.com\/index.php?rest_route=\/wp\/v2\/posts\/1654\/revisions"}],"predecessor-version":[{"id":1660,"href":"https:\/\/gazetaregionalna.com\/index.php?rest_route=\/wp\/v2\/posts\/1654\/revisions\/1660"}],"wp:attachment":[{"href":"https:\/\/gazetaregionalna.com\/index.php?rest_route=%2Fwp%2Fv2%2Fmedia&parent=1654"}],"wp:term":[{"taxonomy":"category","embeddable":true,"href":"https:\/\/gazetaregionalna.com\/index.php?rest_route=%2Fwp%2Fv2%2Fcategories&post=1654"},{"taxonomy":"post_tag","embeddable":true,"href":"https:\/\/gazetaregionalna.com\/index.php?rest_route=%2Fwp%2Fv2%2Ftags&post=1654"}],"curies":[{"name":"wp","href":"https:\/\/api.w.org\/{rel}","templated":true}]}}