{"id":1651,"date":"2019-01-17T10:03:30","date_gmt":"2019-01-17T10:03:30","guid":{"rendered":"http:\/\/gazetaregionalna.com\/?p=1651"},"modified":"2019-01-17T10:03:30","modified_gmt":"2019-01-17T10:03:30","slug":"35-latek-zmarl-podczas-interwencji-policji","status":"publish","type":"post","link":"https:\/\/gazetaregionalna.com\/?p=1651","title":{"rendered":"35-latek zmar\u0142 podczas interwencji policji"},"content":{"rendered":"<p>&nbsp;<\/p>\n<p><span style=\"font-family: Times New Roman, serif;\">Policjanci wraz z antyterrorystami 15 stycznia br. weszli do jednego z dom\u00f3w przy ul. Staszica w Lubli\u0144cu. Interwencj\u0105 mia\u0142a zwi\u0105zek z podejrzeniem o handel narkotykami. W domu zastali zaskoczonego 35 letniego m\u0119\u017cczyzn\u0119.<\/span><\/p>\n<p><span style=\"font-family: Times New Roman, serif;\">Oko\u0142o godz. 8.00 funkcjonariusze weszli do mieszkania m\u0119\u017cczyzny. Policja zdecydowa\u0142a si\u0119 na udzia\u0142 antyterroryst\u00f3w w akcji z uwagi na to, \u017ce podejrzany w przesz\u0142o\u015bci by\u0142 wielokrotnie karany za przest\u0119pstwa przeciwko mieniu oraz napa\u015b\u0107 na policjanta. Podczas przeprowadzania czynno\u015bci m\u0119\u017cczyzna nagle zas\u0142ab\u0142.<br \/>\nCa\u0142e zaj\u015bcie spowodowane by\u0142o podejrzeniem, i\u017c m\u0119\u017cczyzna zajmuje si\u0119 handlem narkotykami. Co okaza\u0142o si\u0119 faktem. W domu przy Staszica, policjanci zabezpieczyli amfetamin\u0119 oraz marihuan\u0119. Zarzuty nie zostan\u0105 jednak przedstawione 35-latkowi, poniewa\u017c zmar\u0142 mimo podj\u0119tej pr\u00f3by reanimacji. Po przyje\u017adzie karetki pogotowia ratownicy stwierdzili zgon m\u0119\u017cczyzny. <\/span><\/p>\n<p><span style=\"font-family: Times New Roman, serif;\">Jak wynika ze wst\u0119pnych ustale\u0144, 35-latek zas\u0142ab\u0142 w czasie przeszukiwania budynku. Na miejsce wezwano prokuratora, kt\u00f3ry po dokonaniu ogl\u0119dzin stwierdzi\u0142, i\u017c a ciele ofiary nie ma \u017cadnych obra\u017ce\u0144, kt\u00f3re mog\u0142yby doprowadzi\u0107 do \u015bmierci. \u015aledztwo zosta\u0142o wszcz\u0119te w sprawie nieumy\u015blnego spowodowania \u015bmierci. W Zak\u0142adzie Medycyny S\u0105dowej w Katowicach przeprowadzona zastanie sekcja zw\u0142ok, kt\u00f3ra wyja\u015bni przyczyn\u0119 \u015bmierci. <\/span><\/p>\n<p><span style=\"font-family: Times New Roman, serif;\">Policjanci oraz partnerka m\u0119\u017cczyzny (by\u0142a nieobecna podczas zaj\u015bcia w mieszkaniu), kt\u00f3rzy brali udzia\u0142 w akcji zostali przes\u0142uchani. Wed\u0142ug wst\u0119pnych ustale\u0144 nie dosz\u0142o do \u017cadnych przepychanek z udzia\u0142em funkcjonariuszy i m\u0119\u017cczyzny.<\/p>\n<p>(p.s-b.)<\/p>\n<p><\/span><\/p>\n","protected":false},"excerpt":{"rendered":"<p>&nbsp; Policjanci wraz z antyterrorystami 15 stycznia br. weszli do jednego z dom\u00f3w przy ul. Staszica w Lubli\u0144cu. Interwencj\u0105 mia\u0142a zwi\u0105zek z podejrzeniem o<\/p>\n","protected":false},"author":3,"featured_media":0,"comment_status":"open","ping_status":"closed","sticky":false,"template":"","format":"standard","meta":{"_monsterinsights_skip_tracking":false,"_monsterinsights_sitenote_active":false,"_monsterinsights_sitenote_note":"","_monsterinsights_sitenote_category":0,"_uf_show_specific_survey":0,"_uf_disable_surveys":false,"footnotes":""},"categories":[25,2,13],"tags":[],"class_list":["post-1651","post","type-post","status-publish","format-standard","hentry","category-lubliniec","category-wiadomosci","category-wydarzenia"],"_links":{"self":[{"href":"https:\/\/gazetaregionalna.com\/index.php?rest_route=\/wp\/v2\/posts\/1651","targetHints":{"allow":["GET"]}}],"collection":[{"href":"https:\/\/gazetaregionalna.com\/index.php?rest_route=\/wp\/v2\/posts"}],"about":[{"href":"https:\/\/gazetaregionalna.com\/index.php?rest_route=\/wp\/v2\/types\/post"}],"author":[{"embeddable":true,"href":"https:\/\/gazetaregionalna.com\/index.php?rest_route=\/wp\/v2\/users\/3"}],"replies":[{"embeddable":true,"href":"https:\/\/gazetaregionalna.com\/index.php?rest_route=%2Fwp%2Fv2%2Fcomments&post=1651"}],"version-history":[{"count":1,"href":"https:\/\/gazetaregionalna.com\/index.php?rest_route=\/wp\/v2\/posts\/1651\/revisions"}],"predecessor-version":[{"id":1653,"href":"https:\/\/gazetaregionalna.com\/index.php?rest_route=\/wp\/v2\/posts\/1651\/revisions\/1653"}],"wp:attachment":[{"href":"https:\/\/gazetaregionalna.com\/index.php?rest_route=%2Fwp%2Fv2%2Fmedia&parent=1651"}],"wp:term":[{"taxonomy":"category","embeddable":true,"href":"https:\/\/gazetaregionalna.com\/index.php?rest_route=%2Fwp%2Fv2%2Fcategories&post=1651"},{"taxonomy":"post_tag","embeddable":true,"href":"https:\/\/gazetaregionalna.com\/index.php?rest_route=%2Fwp%2Fv2%2Ftags&post=1651"}],"curies":[{"name":"wp","href":"https:\/\/api.w.org\/{rel}","templated":true}]}}