{"id":16497,"date":"2020-07-17T10:56:36","date_gmt":"2020-07-17T10:56:36","guid":{"rendered":"https:\/\/gazetaregionalna.com\/?p=16497"},"modified":"2020-07-17T10:56:38","modified_gmt":"2020-07-17T10:56:38","slug":"eltrox-wlokniarz-8","status":"publish","type":"post","link":"https:\/\/gazetaregionalna.com\/?p=16497","title":{"rendered":"Eltrox W\u0142\u00f3kniarz do Gorzowa musi jecha\u0107 jeszcze raz. B\u0119dzie powt\u00f3rka przerwanego meczu ze Stal\u0105. Tak 17 lipca poinformowa\u0142a KOL i PGE Ekstraliga"},"content":{"rendered":"\n<p>Eltrox W\u0142\u00f3kniarz jeszcze raz w tym sezonie b\u0119dzie musia\u0142 jecha\u0107 do Gorzowa na mecz z Moje Bermudy Stal\u0105. Komisja Orzekaj\u0105ca Ligi poinformowa\u0142a w pi\u0105tek, \u017ce b\u0119dzie powt\u00f3rka meczu, kt\u00f3ry ze wzgl\u0119du na awari\u0119 pr\u0105du zosta\u0142 przerwany po 10. biegu.<\/p>\n\n\n\n<p>Przypomnijmy, \u017ce Stal po\n10. wy\u015bcigu prowadzi\u0142a z Eltrox W\u0142\u00f3kniarzem 32:28. W\u00f3wczas\ndosz\u0142o do awarii pr\u0105du. Po kilkudziesi\u0119ciu minutach mecz zosta\u0142\nprzerwany. Gospodarze domagali si\u0119 utrzymania wyniku i zwyci\u0119stwa\nStali. Dzia\u0142acze Eltrox W\u0142\u00f3kniarz optowali za walkowerem dla\nswojego zespo\u0142u lub powt\u00f3rzeniem spotkania. Komisja Orzekaj\u0105ca\nLigi, kt\u00f3ra obradowa\u0142a w Bydgoszczy w trzyosobowym sk\u0142adzie\npodj\u0119\u0142a decyzj\u0119 o powt\u00f3rce meczu. Nowy termin meczu wyznaczy PGE\nEkstraliga. \n<\/p>\n\n\n\n<p>&#8211; &#8222;Powt\u00f3rzenie meczu spowoduje, i\u017c nie dzia\u0142acze, ale \u017cu\u017clowcy zadecyduj\u0105 o punktach w tabeli rozgrywek PGE Ekstraligi \u2013 czytamy na oficjalnej stronie internetowej PGE Ekstraligi komentarz orzeczenia KOL <strong>Zbigniewa Owsianego<\/strong>, Przewodnicz\u0105cego Komisji Orzekaj\u0105cej Ligi. \u2013 To by\u0142a bardzo z\u0142o\u017cona sprawa, kt\u00f3r\u0105 rozpatrywali\u015bmy w sezonie rozgrywanym w szczeg\u00f3lnych okoliczno\u015bciach pandemii, ale jednocze\u015bnie staj\u0105c wobec zderzenia cz\u0142owieka z okoliczno\u015bciami po\u017caru, kt\u00f3ry nast\u0105pi\u0142 w dniu rozgrywania meczu \u2013 doda\u0142 <strong>Zbigniew Owsiany<\/strong>.<\/p>\n\n\n\n<figure class=\"wp-block-image size-large\"><img decoding=\"async\" width=\"1024\" height=\"683\" data-src=\"https:\/\/gazetaregionalna.com\/wp-content\/uploads\/2020\/07\/CKM-Motor-25-1024x683.jpg\" alt=\"\" class=\"wp-image-16090 lazyload\" data-srcset=\"https:\/\/gazetaregionalna.com\/wp-content\/uploads\/2020\/07\/CKM-Motor-25-1024x683.jpg 1024w, https:\/\/gazetaregionalna.com\/wp-content\/uploads\/2020\/07\/CKM-Motor-25-300x200.jpg 300w, https:\/\/gazetaregionalna.com\/wp-content\/uploads\/2020\/07\/CKM-Motor-25-768x512.jpg 768w, https:\/\/gazetaregionalna.com\/wp-content\/uploads\/2020\/07\/CKM-Motor-25-1536x1024.jpg 1536w, https:\/\/gazetaregionalna.com\/wp-content\/uploads\/2020\/07\/CKM-Motor-25-696x464.jpg 696w, https:\/\/gazetaregionalna.com\/wp-content\/uploads\/2020\/07\/CKM-Motor-25-1068x712.jpg 1068w, https:\/\/gazetaregionalna.com\/wp-content\/uploads\/2020\/07\/CKM-Motor-25-630x420.jpg 630w, https:\/\/gazetaregionalna.com\/wp-content\/uploads\/2020\/07\/CKM-Motor-25.jpg 1200w\" data-sizes=\"(max-width: 1024px) 100vw, 1024px\" src=\"data:image\/svg+xml;base64,PHN2ZyB3aWR0aD0iMSIgaGVpZ2h0PSIxIiB4bWxucz0iaHR0cDovL3d3dy53My5vcmcvMjAwMC9zdmciPjwvc3ZnPg==\" style=\"--smush-placeholder-width: 1024px; --smush-placeholder-aspect-ratio: 1024\/683;\" \/><\/figure>\n\n\n\n<p>\u2013 Zgodnie z regulaminem, to organizator odpowiada na zasadzie ryzyka za niesprawno\u015b\u0107 urz\u0105dze\u0144. Nasz\u0105 dewiz\u0105 by\u0142o jednak wydanie decyzji zgodnie z duchem sportu, aby nie skrzywdzi\u0107 \u017cadnej ze stron i  jednocze\u015bnie w sportowej rywalizacji pozwoli\u0107 zawodnikom na rozstrzygni\u0119cie tego meczu bezpo\u015brednio na torze. KOL nie mog\u0142a stworzy\u0107 swoim orzeczeniem precedensu, a takim z pewno\u015bci\u0105 by\u0142oby zaliczenie wyniku meczu po jego przerwaniu w dniu 3 lipca, przy stanie 32:28. Chocia\u017c po\u017car rozdzielni na stadionie w Gorzowie by\u0142 spowodowany zwarciem w jej instalacji, nie mo\u017cna sportowo krzywdzi\u0107 ani organizatora, ani tym bardziej go\u015bcia. Dlatego powt\u00f3rzenie meczu jest wyj\u015bciem sprawiedliwym i sportowym \u2013 zako\u0144czy\u0142 Zbigniew Owsiany&#8221;.<\/p>\n\n\n\n<figure class=\"wp-block-image size-large\"><img decoding=\"async\" width=\"1024\" height=\"683\" data-src=\"https:\/\/gazetaregionalna.com\/wp-content\/uploads\/2020\/07\/CKM-Motor-05-1024x683.jpg\" alt=\"\" class=\"wp-image-16093 lazyload\" data-srcset=\"https:\/\/gazetaregionalna.com\/wp-content\/uploads\/2020\/07\/CKM-Motor-05-1024x683.jpg 1024w, https:\/\/gazetaregionalna.com\/wp-content\/uploads\/2020\/07\/CKM-Motor-05-300x200.jpg 300w, https:\/\/gazetaregionalna.com\/wp-content\/uploads\/2020\/07\/CKM-Motor-05-768x512.jpg 768w, https:\/\/gazetaregionalna.com\/wp-content\/uploads\/2020\/07\/CKM-Motor-05-1536x1024.jpg 1536w, https:\/\/gazetaregionalna.com\/wp-content\/uploads\/2020\/07\/CKM-Motor-05-696x464.jpg 696w, https:\/\/gazetaregionalna.com\/wp-content\/uploads\/2020\/07\/CKM-Motor-05-1068x712.jpg 1068w, https:\/\/gazetaregionalna.com\/wp-content\/uploads\/2020\/07\/CKM-Motor-05-630x420.jpg 630w, https:\/\/gazetaregionalna.com\/wp-content\/uploads\/2020\/07\/CKM-Motor-05.jpg 1200w\" data-sizes=\"(max-width: 1024px) 100vw, 1024px\" src=\"data:image\/svg+xml;base64,PHN2ZyB3aWR0aD0iMSIgaGVpZ2h0PSIxIiB4bWxucz0iaHR0cDovL3d3dy53My5vcmcvMjAwMC9zdmciPjwvc3ZnPg==\" style=\"--smush-placeholder-width: 1024px; --smush-placeholder-aspect-ratio: 1024\/683;\" \/><\/figure>\n\n\n\n<p>Foto: Gazeta Regionalna, \u017ar\u00f3d\u0142o: www.speedwayekstraliga.pl<\/p>\n","protected":false},"excerpt":{"rendered":"<p>Eltrox W\u0142\u00f3kniarz jeszcze raz w tym sezonie b\u0119dzie musia\u0142 jecha\u0107 do Gorzowa na mecz z Moje Bermudy Stal\u0105. Komisja Orzekaj\u0105ca Ligi poinformowa\u0142a w pi\u0105tek,<\/p>\n","protected":false},"author":15,"featured_media":16094,"comment_status":"open","ping_status":"open","sticky":false,"template":"","format":"standard","meta":{"_monsterinsights_skip_tracking":false,"_monsterinsights_sitenote_active":false,"_monsterinsights_sitenote_note":"","_monsterinsights_sitenote_category":0,"_uf_show_specific_survey":0,"_uf_disable_surveys":false,"footnotes":""},"categories":[94,3,5,2,7],"tags":[313,102],"class_list":["post-16497","post","type-post","status-publish","format-standard","has-post-thumbnail","hentry","category-polecane","category-czestochowa-informacje","category-sport","category-wiadomosci","category-zuzel","tag-eltrox-wlokniarz-czestochowa","tag-zuzel"],"_links":{"self":[{"href":"https:\/\/gazetaregionalna.com\/index.php?rest_route=\/wp\/v2\/posts\/16497","targetHints":{"allow":["GET"]}}],"collection":[{"href":"https:\/\/gazetaregionalna.com\/index.php?rest_route=\/wp\/v2\/posts"}],"about":[{"href":"https:\/\/gazetaregionalna.com\/index.php?rest_route=\/wp\/v2\/types\/post"}],"author":[{"embeddable":true,"href":"https:\/\/gazetaregionalna.com\/index.php?rest_route=\/wp\/v2\/users\/15"}],"replies":[{"embeddable":true,"href":"https:\/\/gazetaregionalna.com\/index.php?rest_route=%2Fwp%2Fv2%2Fcomments&post=16497"}],"version-history":[{"count":2,"href":"https:\/\/gazetaregionalna.com\/index.php?rest_route=\/wp\/v2\/posts\/16497\/revisions"}],"predecessor-version":[{"id":16504,"href":"https:\/\/gazetaregionalna.com\/index.php?rest_route=\/wp\/v2\/posts\/16497\/revisions\/16504"}],"wp:featuredmedia":[{"embeddable":true,"href":"https:\/\/gazetaregionalna.com\/index.php?rest_route=\/wp\/v2\/media\/16094"}],"wp:attachment":[{"href":"https:\/\/gazetaregionalna.com\/index.php?rest_route=%2Fwp%2Fv2%2Fmedia&parent=16497"}],"wp:term":[{"taxonomy":"category","embeddable":true,"href":"https:\/\/gazetaregionalna.com\/index.php?rest_route=%2Fwp%2Fv2%2Fcategories&post=16497"},{"taxonomy":"post_tag","embeddable":true,"href":"https:\/\/gazetaregionalna.com\/index.php?rest_route=%2Fwp%2Fv2%2Ftags&post=16497"}],"curies":[{"name":"wp","href":"https:\/\/api.w.org\/{rel}","templated":true}]}}