{"id":16490,"date":"2020-07-17T10:10:38","date_gmt":"2020-07-17T10:10:38","guid":{"rendered":"https:\/\/gazetaregionalna.com\/?p=16490"},"modified":"2020-07-17T10:11:46","modified_gmt":"2020-07-17T10:11:46","slug":"eltrox-wlokniarz-7","status":"publish","type":"post","link":"https:\/\/gazetaregionalna.com\/?p=16490","title":{"rendered":"Eltrox W\u0142\u00f3kniarz i Rak\u00f3w Cz\u0119stochowa mog\u0105 liczy\u0107 na pieni\u0105dze na promocj\u0119 przez sport. Jest te\u017c &#8222;kasa&#8221; dla innych cz\u0119stochowskich klub\u00f3w i stowarzysze\u0144"},"content":{"rendered":"\n<p>Miasto Cz\u0119stochowa prowadzi przetarg na realizacj\u0119 zada\u0144 \u201ePromocja Cz\u0119stochowy poprzez zesp\u00f3\u0142 pi\u0142ki no\u017cnej oraz promocja miasta poprzez \u017cu\u017cel. Na chwil\u0119 obecn\u0105 na najwi\u0119ksze pieni\u0105dze mog\u0105 liczy\u0107 pi\u0142karze Rakowa i \u017cu\u017clowcy Eltrox W\u0142\u00f3kniarza. To dwa ekstraklasowe kluby z Cz\u0119stochowy. Podpisywane s\u0105 te\u017c umowy na dotacje z zakresu kultury fizycznej i turystyki z innymi cz\u0119stochowskimi klubami.<\/p>\n\n\n\n<p>&#8211; Pierwszy z przetarg\u00f3w dotyczy\npromocji Cz\u0119stochowy poprzez zesp\u00f3\u0142 pi\u0142ki no\u017cnej, bior\u0105cy\nudzia\u0142 w rozgrywkach ekstraklasy lub I ligi, w kt\u00f3rych uczestniczy\nminimum 16 dru\u017cyn w jednej grupie oraz podczas rozgrywek o Puchar\nPolski i innych zawod\u00f3w towarzyskich \u2013 informuje Biuro Prasowe\nUrz\u0119du Miasta Cz\u0119stochowy.<\/p>\n\n\n\n<figure class=\"wp-block-image size-large\"><img decoding=\"async\" width=\"1024\" height=\"683\" data-src=\"https:\/\/gazetaregionalna.com\/wp-content\/uploads\/2020\/07\/R-Z-09-1024x683.jpg\" alt=\"\" class=\"wp-image-15479 lazyload\" data-srcset=\"https:\/\/gazetaregionalna.com\/wp-content\/uploads\/2020\/07\/R-Z-09-1024x683.jpg 1024w, https:\/\/gazetaregionalna.com\/wp-content\/uploads\/2020\/07\/R-Z-09-300x200.jpg 300w, https:\/\/gazetaregionalna.com\/wp-content\/uploads\/2020\/07\/R-Z-09-768x512.jpg 768w, https:\/\/gazetaregionalna.com\/wp-content\/uploads\/2020\/07\/R-Z-09-1536x1024.jpg 1536w, https:\/\/gazetaregionalna.com\/wp-content\/uploads\/2020\/07\/R-Z-09-696x464.jpg 696w, https:\/\/gazetaregionalna.com\/wp-content\/uploads\/2020\/07\/R-Z-09-1068x712.jpg 1068w, https:\/\/gazetaregionalna.com\/wp-content\/uploads\/2020\/07\/R-Z-09-630x420.jpg 630w, https:\/\/gazetaregionalna.com\/wp-content\/uploads\/2020\/07\/R-Z-09.jpg 1200w\" data-sizes=\"(max-width: 1024px) 100vw, 1024px\" src=\"data:image\/svg+xml;base64,PHN2ZyB3aWR0aD0iMSIgaGVpZ2h0PSIxIiB4bWxucz0iaHR0cDovL3d3dy53My5vcmcvMjAwMC9zdmciPjwvc3ZnPg==\" style=\"--smush-placeholder-width: 1024px; --smush-placeholder-aspect-ratio: 1024\/683;\" \/><\/figure>\n\n\n\n<p>Jakie warunki trzeba spe\u0142ni\u0107 by\nprzyst\u0105pi\u0107 do przetargu? &#8211; Dru\u017cyna do ko\u0144ca roku b\u0119dzie\npromowa\u0142a Cz\u0119stochow\u0119 podczas wszystkich mecz\u00f3w. Zakres\nzam\u00f3wienia obejmuje r\u00f3wnie\u017c m.in.: posiadanie lub umieszczenie\nnazwy \u201eCz\u0119stochowa\u201d lub \u201eCz\u0119stochowska\u201d, \u201eCz\u0119stochowski\u201d\nlub \u201eCz\u0119stochowskie\u201d, itp. w nazwie zespo\u0142u; kreowanie\npozytywnego wizerunku miasta w ramach wszelkich dzia\u0142a\u0144\ninformacyjno-promocyjnych przygotowanych i realizowanych przez\nwykonawc\u0119; umieszczanie i eksponowanie logo Miasta w r\u00f3\u017cnorodny\nspos\u00f3b na materia\u0142ach informacyjno-promocyjnych i poligraficznych;\nnieodp\u0142atne u\u017cyczanie Miastu wizerunku zawodnik\u00f3w zespo\u0142u oraz\nca\u0142ej dru\u017cyny dla cel\u00f3w promocyjnych Cz\u0119stochowy \u2013 czytamy w\nkomunikacie prasowym. \n<\/p>\n\n\n\n<p>Podobny zakres zam\u00f3wienia obejmuje drugi z przetarg\u00f3w \u2013 promocja miasta poprzez \u017cu\u017cel. Jego przedmiotem jest us\u0142uga promocji Miasta Cz\u0119stochowy poprzez zesp\u00f3\u0142 i poszczeg\u00f3lnych zawodnik\u00f3w bior\u0105cych udzia\u0142 w rozgrywkach ekstraligi \u017cu\u017clowej oraz innych mi\u0119dzynarodowych\/og\u00f3lnopolskich zawodach \u017cu\u017clowych. Dru\u017cyna i poszczeg\u00f3lni zawodnicy b\u0119d\u0105 zobowi\u0105zani do promocji Cz\u0119stochowy podczas wszystkich spotka\u0144 w roli gospodarza oraz podczas wszystkich zawod\u00f3w wyjazdowych. Podobnie jak pi\u0142karze, tak\u017ce \u017cu\u017clowcy b\u0119d\u0105 musieli mie\u0107 lub umie\u015bci\u0107 nazwy \u201eCz\u0119stochowa\u201d, \u201eCz\u0119stochowska\u201d, \u201eCz\u0119stochowski\u201d lub \u201eCz\u0119stochowskie\u201d itp. w nazwie dru\u017cyny. W bud\u017cecie miasta na promocj\u0119 Cz\u0119stochowy poprzez zesp\u00f3\u0142 pi\u0142ki no\u017cnej zabezpieczono 530 tys. z\u0142, a na promocj\u0119 poprzez \u017cu\u017cel \u2013 2 mln 60 tys. z\u0142.<\/p>\n\n\n\n<figure class=\"wp-block-image size-large\"><img decoding=\"async\" width=\"1024\" height=\"683\" data-src=\"https:\/\/gazetaregionalna.com\/wp-content\/uploads\/2020\/07\/CKM-Motor-25-1024x683.jpg\" alt=\"\" class=\"wp-image-16090 lazyload\" data-srcset=\"https:\/\/gazetaregionalna.com\/wp-content\/uploads\/2020\/07\/CKM-Motor-25-1024x683.jpg 1024w, https:\/\/gazetaregionalna.com\/wp-content\/uploads\/2020\/07\/CKM-Motor-25-300x200.jpg 300w, https:\/\/gazetaregionalna.com\/wp-content\/uploads\/2020\/07\/CKM-Motor-25-768x512.jpg 768w, https:\/\/gazetaregionalna.com\/wp-content\/uploads\/2020\/07\/CKM-Motor-25-1536x1024.jpg 1536w, https:\/\/gazetaregionalna.com\/wp-content\/uploads\/2020\/07\/CKM-Motor-25-696x464.jpg 696w, https:\/\/gazetaregionalna.com\/wp-content\/uploads\/2020\/07\/CKM-Motor-25-1068x712.jpg 1068w, https:\/\/gazetaregionalna.com\/wp-content\/uploads\/2020\/07\/CKM-Motor-25-630x420.jpg 630w, https:\/\/gazetaregionalna.com\/wp-content\/uploads\/2020\/07\/CKM-Motor-25.jpg 1200w\" data-sizes=\"(max-width: 1024px) 100vw, 1024px\" src=\"data:image\/svg+xml;base64,PHN2ZyB3aWR0aD0iMSIgaGVpZ2h0PSIxIiB4bWxucz0iaHR0cDovL3d3dy53My5vcmcvMjAwMC9zdmciPjwvc3ZnPg==\" style=\"--smush-placeholder-width: 1024px; --smush-placeholder-aspect-ratio: 1024\/683;\" \/><\/figure>\n\n\n\n<p>Miejscy urz\u0119dnicy informuj\u0105 r\u00f3wnie\u017c, \u017ce inne cz\u0119stochowskie kluby i stowarzyszenia mog\u0105 r\u00f3wnie\u017c liczy\u0107 na finansowe wsparcie. &#8211; Miasto przygotowa\u0142o i podpisa\u0142o ju\u017c umowy z wi\u0119kszo\u015bci\u0105 stowarzysze\u0144 m.in. na wsparcie realizacji zada\u0144: szkolenie sportowe dla dzieci i m\u0142odzie\u017cy oraz organizacja i udzia\u0142 w zawodach na wysokim poziomie wsp\u00f3\u0142zawodnictwa \u2013 informuje Urz\u0105d Miasta. &#8211;  Dotychczas przygotowano w tym zakresie ponad 30 takich um\u00f3w \u2013 m.in. z KS Cz\u0119stochowianka, Stowarzyszeniem Sportowym Seniorzy-Juniorom Siatk\u00f3wka 2002, Stowarzyszeniem Kultury Fizycznej Cz\u0119stochowska Siatk\u00f3wka, Klubem Uczelnianym AZS Politechniki Cz\u0119stochowskiej, CKS Budowlani. Wi\u0119kszo\u015b\u0107 jest w\u0142a\u015bnie teraz podpisywana, a stowarzyszenia na bie\u017c\u0105co sk\u0142adaj\u0105 wymagane dokumenty.<\/p>\n\n\n\n<p>Foto: Gazeta Regionalna<\/p>\n","protected":false},"excerpt":{"rendered":"<p>Miasto Cz\u0119stochowa prowadzi przetarg na realizacj\u0119 zada\u0144 \u201ePromocja Cz\u0119stochowy poprzez zesp\u00f3\u0142 pi\u0142ki no\u017cnej oraz promocja miasta poprzez \u017cu\u017cel. Na chwil\u0119 obecn\u0105 na najwi\u0119ksze pieni\u0105dze<\/p>\n","protected":false},"author":15,"featured_media":16086,"comment_status":"open","ping_status":"open","sticky":false,"template":"","format":"standard","meta":{"_monsterinsights_skip_tracking":false,"_monsterinsights_sitenote_active":false,"_monsterinsights_sitenote_note":"","_monsterinsights_sitenote_category":0,"_uf_show_specific_survey":0,"_uf_disable_surveys":false,"footnotes":""},"categories":[5,3,6,2,7],"tags":[313,495,146,577,102],"class_list":["post-16490","post","type-post","status-publish","format-standard","has-post-thumbnail","hentry","category-sport","category-czestochowa-informacje","category-pilka-nozna","category-wiadomosci","category-zuzel","tag-eltrox-wlokniarz-czestochowa","tag-pilka-nozna","tag-rakow-czestochowa","tag-urzad-miasta-czestochowa","tag-zuzel"],"_links":{"self":[{"href":"https:\/\/gazetaregionalna.com\/index.php?rest_route=\/wp\/v2\/posts\/16490","targetHints":{"allow":["GET"]}}],"collection":[{"href":"https:\/\/gazetaregionalna.com\/index.php?rest_route=\/wp\/v2\/posts"}],"about":[{"href":"https:\/\/gazetaregionalna.com\/index.php?rest_route=\/wp\/v2\/types\/post"}],"author":[{"embeddable":true,"href":"https:\/\/gazetaregionalna.com\/index.php?rest_route=\/wp\/v2\/users\/15"}],"replies":[{"embeddable":true,"href":"https:\/\/gazetaregionalna.com\/index.php?rest_route=%2Fwp%2Fv2%2Fcomments&post=16490"}],"version-history":[{"count":3,"href":"https:\/\/gazetaregionalna.com\/index.php?rest_route=\/wp\/v2\/posts\/16490\/revisions"}],"predecessor-version":[{"id":16495,"href":"https:\/\/gazetaregionalna.com\/index.php?rest_route=\/wp\/v2\/posts\/16490\/revisions\/16495"}],"wp:featuredmedia":[{"embeddable":true,"href":"https:\/\/gazetaregionalna.com\/index.php?rest_route=\/wp\/v2\/media\/16086"}],"wp:attachment":[{"href":"https:\/\/gazetaregionalna.com\/index.php?rest_route=%2Fwp%2Fv2%2Fmedia&parent=16490"}],"wp:term":[{"taxonomy":"category","embeddable":true,"href":"https:\/\/gazetaregionalna.com\/index.php?rest_route=%2Fwp%2Fv2%2Fcategories&post=16490"},{"taxonomy":"post_tag","embeddable":true,"href":"https:\/\/gazetaregionalna.com\/index.php?rest_route=%2Fwp%2Fv2%2Ftags&post=16490"}],"curies":[{"name":"wp","href":"https:\/\/api.w.org\/{rel}","templated":true}]}}