{"id":16481,"date":"2020-07-17T09:18:30","date_gmt":"2020-07-17T09:18:30","guid":{"rendered":"https:\/\/gazetaregionalna.com\/?p=16481"},"modified":"2020-07-17T09:18:33","modified_gmt":"2020-07-17T09:18:33","slug":"zawieszony","status":"publish","type":"post","link":"https:\/\/gazetaregionalna.com\/?p=16481","title":{"rendered":"Przystanek Orlik-R\u00fcckemanna zawieszony"},"content":{"rendered":"\n<h2 class=\"wp-block-heading\"> Od wczoraj do odwo\u0142ania zosta\u0142 zawieszony Przystanek autobusowy\u00a0ORLIK-R\u00dcCKEMANNA\u00a0w kierunku ulicy Legion\u00f3w. <\/h2>\n\n\n\n<p>Utrudnienia s\u0105 spowodowane prowadzonymi w tym rejonie pracami drogowymi.<\/p>\n\n\n\n<p>W zwi\u0105zku z remontem pasa\u017cerowie proszeni s\u0105 o korzystanie z s\u0105siednich przystank\u00f3w: STADION MIEJSKI lub FARADAYA.<\/p>\n\n\n\n<p>(\u0179r\u00f3d\u0142o: MZDiT)<\/p>\n","protected":false},"excerpt":{"rendered":"<p>Od wczoraj do odwo\u0142ania zosta\u0142 zawieszony Przystanek autobusowy\u00a0ORLIK-R\u00dcCKEMANNA\u00a0w kierunku ulicy Legion\u00f3w. Utrudnienia s\u0105 spowodowane prowadzonymi w tym rejonie pracami drogowymi. W zwi\u0105zku z remontem<\/p>\n","protected":false},"author":12,"featured_media":13865,"comment_status":"open","ping_status":"open","sticky":false,"template":"","format":"standard","meta":{"_monsterinsights_skip_tracking":false,"_monsterinsights_sitenote_active":false,"_monsterinsights_sitenote_note":"","_monsterinsights_sitenote_category":0,"_uf_show_specific_survey":0,"_uf_disable_surveys":false,"footnotes":""},"categories":[18,3,94,2],"tags":[],"class_list":["post-16481","post","type-post","status-publish","format-standard","has-post-thumbnail","hentry","category-motoryzacja","category-czestochowa-informacje","category-polecane","category-wiadomosci"],"_links":{"self":[{"href":"https:\/\/gazetaregionalna.com\/index.php?rest_route=\/wp\/v2\/posts\/16481","targetHints":{"allow":["GET"]}}],"collection":[{"href":"https:\/\/gazetaregionalna.com\/index.php?rest_route=\/wp\/v2\/posts"}],"about":[{"href":"https:\/\/gazetaregionalna.com\/index.php?rest_route=\/wp\/v2\/types\/post"}],"author":[{"embeddable":true,"href":"https:\/\/gazetaregionalna.com\/index.php?rest_route=\/wp\/v2\/users\/12"}],"replies":[{"embeddable":true,"href":"https:\/\/gazetaregionalna.com\/index.php?rest_route=%2Fwp%2Fv2%2Fcomments&post=16481"}],"version-history":[{"count":1,"href":"https:\/\/gazetaregionalna.com\/index.php?rest_route=\/wp\/v2\/posts\/16481\/revisions"}],"predecessor-version":[{"id":16482,"href":"https:\/\/gazetaregionalna.com\/index.php?rest_route=\/wp\/v2\/posts\/16481\/revisions\/16482"}],"wp:featuredmedia":[{"embeddable":true,"href":"https:\/\/gazetaregionalna.com\/index.php?rest_route=\/wp\/v2\/media\/13865"}],"wp:attachment":[{"href":"https:\/\/gazetaregionalna.com\/index.php?rest_route=%2Fwp%2Fv2%2Fmedia&parent=16481"}],"wp:term":[{"taxonomy":"category","embeddable":true,"href":"https:\/\/gazetaregionalna.com\/index.php?rest_route=%2Fwp%2Fv2%2Fcategories&post=16481"},{"taxonomy":"post_tag","embeddable":true,"href":"https:\/\/gazetaregionalna.com\/index.php?rest_route=%2Fwp%2Fv2%2Ftags&post=16481"}],"curies":[{"name":"wp","href":"https:\/\/api.w.org\/{rel}","templated":true}]}}