{"id":1644,"date":"2019-01-17T09:15:40","date_gmt":"2019-01-17T09:15:40","guid":{"rendered":"http:\/\/gazetaregionalna.com\/?p=1644"},"modified":"2019-01-17T09:15:40","modified_gmt":"2019-01-17T09:15:40","slug":"nagrody-z-dziedziny-kultury-i-sportu-wreczone","status":"publish","type":"post","link":"https:\/\/gazetaregionalna.com\/2019\/01\/17\/nagrody-z-dziedziny-kultury-i-sportu-wreczone\/","title":{"rendered":"Nagrody z dziedziny kultury i sportu wr\u0119czone"},"content":{"rendered":"<p>&nbsp;<\/p>\n<p><span style=\"font-family: Times New Roman, serif;\">W pi\u0105tek 11 stycznia w lublinieckim MDK podczas Koncertu Noworocznego<\/span> <span style=\"font-family: Times New Roman, serif;\">publiczno\u015b\u0107 mia\u0142a okazj\u0119 zas\u0142ucha\u0107 si\u0119 w<\/span> <span style=\"font-family: Times New Roman, serif;\">Gali Koncertowej &#8222;Johann Strauss Show&#8221; w wykonaniu Orkiestry Kameralnej Filharmonii Chmielnickiej. W swoim wyst\u0105pieniu Burmistrz Miasta Lubli\u0144ca podzi\u0119kowa\u0142 pani dyrektor Agacie Wo\u017aniak- Rybce i pracownikom domu kultury za wspania\u0142e wyniki w 2018 roku. Sukcesem ubieg\u0142ego roku jest rekordowa widownia 53 tys. widz\u00f3w, kt\u00f3ra odwiedzi\u0142a lublinieckie kino, ale tak\u017ce fakt, \u017ce ka\u017cdy statystyczny mieszkaniec Lubli\u0144ca odwiedzi\u0142 Dom Kultury co najmniej 3 razy! Za osi\u0105gni\u0119cia w 2018 roku wyr\u00f3\u017cnienie burmistrza otrzyma\u0142y dzia\u0142aj\u0105ce przy MDK grupy: Miejska M\u0142odzie\u017cowa Orkiestra D\u0119ta, Teatr po Pracy oraz nagrod\u0119 indywidualn\u0105 za re\u017cyseri\u0119 zako\u0144czonych owacjami na stoj\u0105co spektakli Teatru po Pracy Agnieszka- Raj Kubat.<br \/>\nPoza podzi\u0119kowaniami oraz cz\u0119\u015bci\u0105 artystyczn\u0105 zosta\u0142y wr\u0119czone nagrody burmistrza Lubli\u0144ca w dziedzinie sportu i kultury. Wsp\u00f3lnie z w\u0142odarzem nagrody wr\u0119czy\u0142a jego zast\u0119pczyni<\/span> <span style=\"font-family: Times New Roman, serif;\">Anna<\/span> <span style=\"font-family: Times New Roman, serif;\">Jonczyk &#8211; Drzyma\u0142a.<\/span><\/p>\n<p><span style=\"font-family: Times New Roman, serif;\"><span style=\"color: #ce181e;\"><b>N<\/b><\/span><span style=\"color: #ce181e;\"><b>agrody <\/b><\/span><span style=\"color: #ce181e;\"><b>B<\/b><\/span><span style=\"color: #ce181e;\"><b>urmistrza w <\/b><\/span><b> <\/b><span style=\"color: #ce181e;\"><b>zakresie sportu otrzymali:<\/b><\/span><br \/>\n<\/span><br \/>\n<b><span style=\"color: #1e2832;\"><span style=\"font-family: Times New Roman, serif;\"><span style=\"font-size: medium;\">Karolin<\/span><\/span><\/span><span style=\"color: #1e2832;\"><span style=\"font-family: Times New Roman, serif;\"><span style=\"font-size: medium;\">a<\/span><\/span><\/span><span style=\"color: #1e2832;\"><span style=\"font-family: Times New Roman, serif;\"><span style=\"font-size: medium;\"> Pilarsk<\/span><\/span><\/span><span style=\"color: #1e2832;\"><span style=\"font-family: Times New Roman, serif;\"><span style=\"font-size: medium;\">a<\/span><\/span><\/span><\/b><\/p>\n<p><span style=\"font-family: Times New Roman, serif;\"><span style=\"color: #1e2832;\"><span style=\"font-size: medium;\">Zawodniczka Wojskowego Klubu Biegacza Meta Z\u0142oty medal w Mistrzostwach Polski w maratonie \u2013 D\u0119bno 17.04.2018 r. <\/span><\/span><\/span><\/p>\n<p><span style=\"font-family: Times New Roman, serif;\"><span style=\"color: #1e2832;\"><span style=\"font-size: medium;\">6 miejsce w Mistrzostwach Polski na 5 km \u2013 Warszawa 16.06.2018 r. <\/span><\/span><\/span><\/p>\n<p><span style=\"font-family: Times New Roman, serif;\"><span style=\"color: #1e2832;\"><span style=\"font-size: medium;\">7 miejsce w Mistrzostwach Polski w p\u00f3\u0142maratonie \u2013 Pi\u0142a 02.09.2018 r. <\/span><\/span><\/span><\/p>\n<p><span style=\"font-family: Times New Roman, serif;\"><span style=\"color: #1e2832;\"><span style=\"font-size: medium;\">Z\u0142oty medal w Mistrzostwach \u015al\u0105ska w prze\u0142ajach \u2013 Mys\u0142owice 03.03.2018 r.<\/span><\/span><\/span><\/p>\n<p><span style=\"font-family: Times New Roman, serif;\"><b><span style=\"color: #1e2832;\"><span style=\"font-size: medium;\">Dorot<\/span><\/span><span style=\"color: #1e2832;\"><span style=\"font-size: medium;\">a<\/span><\/span><span style=\"color: #1e2832;\"><span style=\"font-size: medium;\"> Kubisz<\/span><\/span><\/b><\/span><\/p>\n<p><span style=\"font-family: Times New Roman, serif;\"><span style=\"color: #1e2832;\"><span style=\"font-size: medium;\">Zawodniczka Wojskowego Klubu Biegacza Meta 5 miejsce w Mistrzostwach Polski w biegu 24-godzinnym \u2013 \u0141yse 08-09.09.2018 r. <\/span><\/span><\/span><\/p>\n<p><span style=\"font-family: Times New Roman, serif;\"><span style=\"color: #1e2832;\"><span style=\"font-size: medium;\">8 miejsce w Mistrzostwach Polski w biegu na 100 km \u2013 Warszawa 10.11.2018 r. <\/span><\/span><\/span><\/p>\n<p><span style=\"font-family: Times New Roman, serif;\"><span style=\"color: #1e2832;\"><span style=\"font-size: medium;\">5 miejsce w Mistrzostwach \u015al\u0105ska w prze\u0142ajach \u2013 Mys\u0142owice 03.03.2018 r.<\/p>\n<p><\/span><\/span><span style=\"color: #1e2832;\"><span style=\"font-size: medium;\"><b>Wojciech Fokczy\u0144ski<\/b><\/span><\/span><\/span><\/p>\n<p><span style=\"font-family: Times New Roman, serif;\"><span style=\"color: #1e2832;\"><span style=\"font-size: medium;\">Zawodnik Wojskowego Klubu Biegacza Meta <\/span><\/span><\/span><\/p>\n<p><span style=\"font-family: Times New Roman, serif;\"><span style=\"color: #1e2832;\"><span style=\"font-size: medium;\">Br\u0105zowy medal w Mistrzostwach \u015al\u0105ska junior\u00f3w w prze\u0142ajach \u2013 Mys\u0142owice 03.03.2018 r.<\/p>\n<p><\/span><\/span><span style=\"color: #1e2832;\"><span style=\"font-size: medium;\"><b>Zuzann<\/b><\/span><\/span><span style=\"color: #1e2832;\"><span style=\"font-size: medium;\"><b>a<\/b><\/span><\/span><span style=\"color: #1e2832;\"><span style=\"font-size: medium;\"><b> Luban<\/b><\/span><\/span><\/span><\/p>\n<p><span style=\"font-family: Times New Roman, serif;\"><span style=\"color: #1e2832;\"><span style=\"font-size: medium;\">Zawodniczka Spo\u0142ecznego Towarzystwa Badmintona ENERGIA Br\u0105zowy <\/span><\/span><\/span><\/p>\n<p><span style=\"font-family: Times New Roman, serif;\"><span style=\"color: #1e2832;\"><span style=\"font-size: medium;\">Medal w grze mieszanej na Og\u00f3lnopolskiej Olimpiadzie M\u0142odzie\u017cy w badmintonie \u2013 Tarnowo Podg\u00f3rne 11-13.05.2018 r. Z\u0142oty Medal na Polish Open U17 w grze mieszanej \u2013 G\u0142ubczyce 27.05.2018 r. Z\u0142oty Medal na Internationale Lublin U17 w grze mieszanej \u2013 Lublin 30.08.-01.09.2018 r. powo\u0142ana do Kadry Narodowej w 2018 r.<\/p>\n<p><\/span><\/span><span style=\"color: #1e2832;\"><span style=\"font-size: medium;\"><b>Agnieszk<\/b><\/span><\/span><span style=\"color: #1e2832;\"><span style=\"font-size: medium;\"><b>a<\/b><\/span><\/span><span style=\"color: #1e2832;\"><span style=\"font-size: medium;\"><b> Foryt<\/b><\/span><\/span><span style=\"color: #1e2832;\"><span style=\"font-size: medium;\"><b>a<\/b><\/span><\/span><b> <\/b><\/span><\/p>\n<p><span style=\"font-family: Times New Roman, serif;\"><span style=\"color: #1e2832;\"><span style=\"font-size: medium;\">Zawodniczka Spo\u0142ecznego Towarzystwa Badmintona ENERGIA <\/span><\/span><\/span><\/p>\n<p><span style=\"font-family: Times New Roman, serif;\"><span style=\"color: #1e2832;\"><span style=\"font-size: medium;\">Br\u0105zowy Medal w grze podw\u00f3jnej kobiet na Indywidualnych Mistrzostwach Polski Junior\u00f3w w Badmintonie \u2013 Bia\u0142ystok 5-7.10.2018 r. <\/span><\/span><\/span><\/p>\n<p><span style=\"font-family: Times New Roman, serif;\"><span style=\"color: #1e2832;\"><span style=\"font-size: medium;\">Srebrny Medal w grze mieszanej na Indywidualnych Mistrzostwach Polski Junior\u00f3w w Badmintonie &#8211; Bia\u0142ystok 5-7.10.2018 r. <\/span><\/span><\/span><\/p>\n<p><span style=\"font-family: Times New Roman, serif;\"><span style=\"color: #1e2832;\"><span style=\"font-size: medium;\">zawodniczka powo\u0142ana do Kadry Narodowej Junior\u00f3w 2018 r., wzi\u0119\u0142a udzia\u0142 w Dru\u017cynowych i Indywidualnych Mistrzostwach \u015awiata Junior\u00f3w w Badmintonie \u2013 Kanada listopad 2018 r.<\/p>\n<p><\/span><\/span><span style=\"color: #1e2832;\"><span style=\"font-size: medium;\"><b>Krzysztof Podobi\u0144ski<\/b><\/span><\/span><\/span><\/p>\n<p><span style=\"font-family: Times New Roman, serif;\"><span style=\"color: #1e2832;\"><span style=\"font-size: medium;\">I miejsce w II Lubuskich Zawodach w Sportowych Rajdach Konnych zawody Regionalne klasa L \u2013 Nowe Polichno 3-4.08.2018 r. <\/span><\/span><\/span><\/p>\n<p><span style=\"font-family: Times New Roman, serif;\"><span style=\"color: #1e2832;\"><span style=\"font-size: medium;\">II miejsce w zawodach Kawaleryjskich o puchar Szefa Wojew\u00f3dzkiego Sztabu Wojskowego w Opolu &#8211; Opole 18.08.2018 r. <\/span><\/span><\/span><\/p>\n<p><span style=\"font-family: Times New Roman, serif;\"><span style=\"color: #1e2832;\"><span style=\"font-size: medium;\">I miejsce na zawodach mi\u0119dzynarodowych CEN w klasie P \u2013 Malich\u00f3w 31.08-01.09.2018 r.<br \/>\n<\/span><\/span><\/span><\/p>\n<p><span style=\"font-family: Times New Roman, serif;\"><b><span style=\"color: #1e2832;\"><span style=\"font-size: medium;\">Kamil Kici\u0144ski<\/span><\/span><\/b><\/span><\/p>\n<p><span style=\"font-family: Times New Roman, serif;\"><span style=\"color: #1e2832;\"><span style=\"font-size: medium;\">Zawodnik Lublinieckiego Klubu Oyama Karate <\/span><\/span><\/span><\/p>\n<p><span style=\"font-family: Times New Roman, serif;\"><span style=\"color: #1e2832;\"><span style=\"font-size: medium;\">I miejsce w Otwartych Mistrzostwach Makroregionu Po\u0142udniowego OYAMA PFK w Kumite \u2013 Sosnowiec 21.04.2018 r. <\/span><\/span><\/span><\/p>\n<p><span style=\"font-family: Times New Roman, serif;\"><span style=\"color: #1e2832;\"><span style=\"font-size: medium;\">I miejsce w XXIII Mistrzostwach Polski OYAMA Polskiej Federacji Karate \u2013 Jelenia G\u00f3ra 19-20.05.2018 r. <\/span><\/span><\/span><\/p>\n<p><span style=\"font-family: Times New Roman, serif;\"><span style=\"color: #1e2832;\"><span style=\"font-size: medium;\">II miejsce w Otwartym Pucharze Europy OYAMA IKF \u2013 Radom 24-25.11.2018 r.<br \/>\n<\/span><\/span><span style=\"color: #1e2832;\"><span style=\"font-size: medium;\"><b><br \/>\nWiktori<\/b><\/span><\/span><span style=\"color: #1e2832;\"><span style=\"font-size: medium;\"><b>a<\/b><\/span><\/span><span style=\"color: #1e2832;\"><span style=\"font-size: medium;\"><b> Kuback<\/b><\/span><\/span><span style=\"color: #1e2832;\"><span style=\"font-size: medium;\"><b>a<\/b><\/span><\/span><\/span><\/p>\n<p><span style=\"font-family: Times New Roman, serif;\"><span style=\"color: #1e2832;\"><span style=\"font-size: medium;\">Zawodniczka Lublinieckiego Klubu Oyama Karate <\/span><\/span><\/span><\/p>\n<p><span style=\"font-family: Times New Roman, serif;\"><span style=\"color: #1e2832;\"><span style=\"font-size: medium;\">I miejsce w Otwartych Mistrzostwach Makroregionu Po\u0142udniowego OYAMA PFK w Kumite \u2013 Sosnowiec 21.04.2018 r. <\/span><\/span><\/span><\/p>\n<p><span style=\"font-family: Times New Roman, serif;\"><span style=\"color: #1e2832;\"><span style=\"font-size: medium;\">I miejsce w XXIII Mistrzostwach Polski OYAMA Polskiej Federacji Karate \u2013 Jelenia G\u00f3ra 19-20.05.2018 r.<br \/>\n<\/span><\/span><\/span><\/p>\n<p><span style=\"font-family: Times New Roman, serif;\"><b><span style=\"color: #1e2832;\"><span style=\"font-size: medium;\">Emili<\/span><\/span><span style=\"color: #1e2832;\"><span style=\"font-size: medium;\">a<\/span><\/span><span style=\"color: #1e2832;\"><span style=\"font-size: medium;\"> Bury <\/span><\/span><\/b><\/span><\/p>\n<p><span style=\"font-family: Times New Roman, serif;\"><span style=\"color: #1e2832;\"><span style=\"font-size: medium;\">Zawodniczka Lublinieckiego Klubu Oyama Karate II miejsce w Otwartych Mistrzostwach Makroregionu Po\u0142udniowego OYAMA PFK w Kumite \u2013 Sosnowiec 21.04.2018 r. <\/span><\/span><\/span><\/p>\n<p><span style=\"font-family: Times New Roman, serif;\"><span style=\"color: #1e2832;\"><span style=\"font-size: medium;\">II miejsce w XXIII Mistrzostwach Polski OYAMA Polskiej Federacji Karate \u2013 Jelenia G\u00f3ra 19-20.05.2018 r. <\/span><\/span><\/span><\/p>\n<p><span style=\"font-family: Times New Roman, serif;\"><span style=\"color: #1e2832;\"><span style=\"font-size: medium;\">I miejsce w konkurencji kumie (walka) i III miejsce w konkurencji kata w Otwartym Pucharze Makroregionu Po\u0142udniowego OYAMA PFK w Kumite i Kata \u2013 Wieliczka 27.11.2018 r. <\/span><\/span><\/span><\/p>\n<p><span style=\"font-family: Times New Roman, serif;\"><span style=\"color: #1e2832;\"><span style=\"font-size: medium;\">II miejsce w Otwartym Pucharze Europy OYAMA IKF \u2013 Radom 24-25.11.2018 r.<\/span><\/span><\/span><\/p>\n<p><span style=\"font-family: Times New Roman, serif;\"><b><span style=\"color: #1e2832;\"><span style=\"font-size: medium;\">Marcin Grabi\u0144ski <\/span><\/span><\/b><\/span><\/p>\n<p><span style=\"font-family: Times New Roman, serif;\"><span style=\"color: #1e2832;\"><span style=\"font-size: medium;\">IV wynik w maratonie w kat.T11 niewidomy z przewodnikiem w TCS New York Marathon 42.195km \u2013 New York 04.11.2018 r. <\/span><\/span><\/span><\/p>\n<p><span style=\"font-family: Times New Roman, serif;\"><span style=\"color: #1e2832;\"><span style=\"font-size: medium;\">I miejsce na 5000m Mistrz Polski, III miejsce skok w dal, w 46 Mistrzostwach Polski Os\u00f3b Niepe\u0142nosprawnych w Lekkiej Atletyce \u2013 Bydgoszcz 8-10.06.2018 r. <\/span><\/span><\/span><\/p>\n<p><span style=\"font-family: Times New Roman, serif;\"><span style=\"color: #1e2832;\"><span style=\"font-size: medium;\">I miejsce w kategorii os\u00f3b niewidomych z przewodnikiem B1 w 6 Orlen Warsaw Marathon 42.195km \u2013 Warszawa 22.04.2018 r. <\/span><\/span><\/span><\/p>\n<p><span style=\"font-family: Times New Roman, serif;\"><span style=\"color: #1e2832;\"><span style=\"font-size: medium;\">I miejsce w kategorii niewidomych z przewodnikiem B1, 5 PZU Cracovia P\u00f3\u0142maraton 21.097km \u2013 Krak\u00f3w 14.10.2018 r. <\/span><\/span><\/span><\/p>\n<p><span style=\"font-family: Times New Roman, serif;\"><span style=\"color: #1e2832;\"><span style=\"font-size: medium;\">II miejsce open w VII Bieg na Tak 11.4km \u2013 Pozna\u0144 12.05.2018 r. <\/span><\/span><\/span><\/p>\n<p><span style=\"font-family: Times New Roman, serif;\"><span style=\"color: #1e2832;\"><span style=\"font-size: medium;\">II miejsce open 10 Run of Spirit 10km \u2013 Berlin 21.05.2018 r.<\/p>\n<p><\/span><\/span><span style=\"color: #1e2832;\"><span style=\"font-size: medium;\"><b>Szymon<\/b><\/span><\/span><span style=\"color: #1e2832;\"><span style=\"font-size: medium;\"><b>a<\/b><\/span><\/span><span style=\"color: #1e2832;\"><span style=\"font-size: medium;\"><b> Zaj\u0105c<\/b><\/span><\/span><\/span><\/p>\n<p><span style=\"font-family: Times New Roman, serif;\"><span style=\"color: #1e2832;\"><span style=\"font-size: medium;\">ucznia Szko\u0142y Podstawowej nr 3 w Lubli\u0144cu I miejsce w Wojew\u00f3dzkich Sztafetowych Biegach Prze\u0142ajowych \u2013 Ruda \u015al\u0105ska 30.11.2018 r. <\/span><\/span><\/span><\/p>\n<p><span style=\"font-family: Times New Roman, serif;\"><b><span style=\"color: #1e2832;\"><span style=\"font-size: medium;\">Denis Macio\u0142<\/span><\/span><\/b><\/span><\/p>\n<p><span style=\"font-family: Times New Roman, serif;\"><span style=\"color: #1e2832;\"><span style=\"font-size: medium;\">ucznia Szko\u0142y Podstawowej nr 3 w Lubli\u0144cu <\/span><\/span><\/span><\/p>\n<p><span style=\"font-family: Times New Roman, serif;\"><span style=\"color: #1e2832;\"><span style=\"font-size: medium;\">I miejsce w Wojew\u00f3dzkich Sztafetowych Biegach Prze\u0142ajowych \u2013 Ruda \u015al\u0105ska 30.11.2018 r.<\/span><\/span><\/span><\/p>\n<p><span style=\"font-family: Times New Roman, serif;\"><b><span style=\"color: #1e2832;\"><span style=\"font-size: medium;\">Dominik Pietrzik<\/span><\/span><\/b><\/span><\/p>\n<p><span style=\"font-family: Times New Roman, serif;\"><span style=\"color: #1e2832;\"><span style=\"font-size: medium;\">ucznia Szko\u0142y Podstawowej nr 3 w Lubli\u0144cu <\/span><\/span><\/span><\/p>\n<p><span style=\"font-family: Times New Roman, serif;\"><span style=\"color: #1e2832;\"><span style=\"font-size: medium;\">I miejsce w Wojew\u00f3dzkich Sztafetowych Biegach Prze\u0142ajowych \u2013 Ruda \u015al\u0105ska 30.11.2018 r. <\/span><\/span><\/span><\/p>\n<p><span style=\"font-family: Times New Roman, serif;\"><b><span style=\"color: #1e2832;\"><span style=\"font-size: medium;\">Filip Kasperczyk <\/span><\/span><\/b><\/span><\/p>\n<p><span style=\"font-family: Times New Roman, serif;\"><span style=\"color: #1e2832;\"><span style=\"font-size: medium;\">ucznia Szko\u0142y Podstawowej nr 3 w Lubli\u0144cu <\/span><\/span><\/span><\/p>\n<p><span style=\"font-family: Times New Roman, serif;\"><span style=\"color: #1e2832;\"><span style=\"font-size: medium;\">I miejsce w Wojew\u00f3dzkich Sztafetowych Biegach Prze\u0142ajowych \u2013 Ruda \u015al\u0105ska 30.11.2018 r.<\/span><\/span><\/span><\/p>\n<p><span style=\"font-family: Times New Roman, serif;\"><b><span style=\"color: #1e2832;\"><span style=\"font-size: medium;\">Oliwer Szwedzi\u0144ski <\/span><\/span><\/b><\/span><\/p>\n<p><span style=\"font-family: Times New Roman, serif;\"><span style=\"color: #1e2832;\"><span style=\"font-size: medium;\">ucznia Szko\u0142y Podstawowej nr 3 w Lubli\u0144cu <\/span><\/span><\/span><\/p>\n<p><span style=\"font-family: Times New Roman, serif;\"><span style=\"color: #1e2832;\"><span style=\"font-size: medium;\">I miejsce w Wojew\u00f3dzkich Sztafetowych Biegach Prze\u0142ajowych \u2013 Ruda \u015al\u0105ska 30.11.2018 r.<\/span><\/span><\/span><\/p>\n<p><span style=\"font-family: Times New Roman, serif;\"><b><span style=\"color: #1e2832;\"><span style=\"font-size: medium;\">Nikodem Maciejewski <\/span><\/span><\/b><\/span><\/p>\n<p><span style=\"font-family: Times New Roman, serif;\"><span style=\"color: #1e2832;\"><span style=\"font-size: medium;\">ucznia Szko\u0142y Podstawowej nr 3 w Lubli\u0144cu <\/span><\/span><\/span><\/p>\n<p><span style=\"font-family: Times New Roman, serif;\"><span style=\"color: #1e2832;\"><span style=\"font-size: medium;\">I miejsce w Wojew\u00f3dzkich Sztafetowych Biegach Prze\u0142ajowych \u2013 Ruda \u015al\u0105ska 30.11.2018 r.<\/span><\/span><\/span><\/p>\n<p><span style=\"font-family: Times New Roman, serif;\"><b><span style=\"color: #1e2832;\"><span style=\"font-size: medium;\">Jakub Miko\u0142ajczyk <\/span><\/span><\/b><\/span><\/p>\n<p><span style=\"font-family: Times New Roman, serif;\"><span style=\"color: #1e2832;\"><span style=\"font-size: medium;\">ucznia Szko\u0142y Podstawowej nr 3 w Lubli\u0144cu <\/span><\/span><\/span><\/p>\n<p><span style=\"font-family: Times New Roman, serif;\"><span style=\"color: #1e2832;\"><span style=\"font-size: medium;\">I miejsce w Wojew\u00f3dzkich Sztafetowych Biegach Prze\u0142ajowych \u2013 Ruda \u015al\u0105ska 30.11.2018 r.<\/span><\/span><\/span><\/p>\n<figure id=\"attachment_1646\" aria-describedby=\"caption-attachment-1646\" style=\"width: 600px\" class=\"wp-caption aligncenter\"><img decoding=\"async\" class=\"wp-image-1646 lazyload\" data-src=\"http:\/\/gazetaregionalna.com\/wp-content\/uploads\/2019\/01\/atelier-34-pomniejszone.jpg\" alt=\"\" width=\"600\" height=\"401\" src=\"data:image\/svg+xml;base64,PHN2ZyB3aWR0aD0iMSIgaGVpZ2h0PSIxIiB4bWxucz0iaHR0cDovL3d3dy53My5vcmcvMjAwMC9zdmciPjwvc3ZnPg==\" style=\"--smush-placeholder-width: 600px; --smush-placeholder-aspect-ratio: 600\/401;\"><figcaption id=\"caption-attachment-1646\" class=\"wp-caption-text\">Laureaci z nagrodami. \/fot. Atelier<\/figcaption><\/figure>\n<p><span style=\"font-family: Times New Roman, serif;\"><span style=\"color: #1e2832;\"><span style=\"font-family: PT Serif, serif;\"><span style=\"font-size: medium;\">TRENER<\/span><\/span><\/span><\/span><\/p>\n<p><span style=\"font-family: Times New Roman, serif;\"><span style=\"color: #1e2832;\"><span style=\"font-family: PT Serif, serif;\"><span style=\"font-size: medium;\"><b>Adam \u015al\u0119zak &#8211;\u00a0<\/b>Trener w Akademii Sportowej <\/span><\/span><\/span><\/span><\/p>\n<p><span style=\"font-family: Times New Roman, serif;\"><span style=\"color: #1e2832;\"><span style=\"font-family: PT Serif, serif;\"><span style=\"font-size: medium;\">Za osi\u0105gni\u0119cia w pracy trenerskiej W sezonie jesiennym 2018 r. dru\u017cyna prowadzona przez trenera Adama \u015al\u0119zaka zaj\u0119\u0142a I miejsce w III \u015al\u0105skiej Lidze Wojew\u00f3dzkiej w kategorii M\u0142odzik D1 (rocznik 2006 i m\u0142odsi) i uzyska\u0142a awans do II \u015al\u0105skiej Ligi Wojew\u00f3dzkiej M\u0142odzik D1, w kt\u00f3rej b\u0119dzie uczestniczy\u0107 w sezonie wiosennym 2019.<\/span><\/span><\/span><\/span><\/p>\n<p><span style=\"font-family: Times New Roman, serif;\">WYR\u00d3\u017bNIENI<\/span><span style=\"font-family: Times New Roman, serif;\">A<\/span><\/p>\n<p><span style=\"font-family: Times New Roman, serif;\">Wyr\u00f3\u017cnienie <\/span><span style=\"font-family: Times New Roman, serif;\">otrzymali<\/span><span style=\"font-family: Times New Roman, serif;\"> uczni<\/span><span style=\"font-family: Times New Roman, serif;\">owie<\/span><span style=\"font-family: Times New Roman, serif;\"> Szko\u0142y Podstawowej nr 4 <\/span><\/p>\n<p><b><span style=\"font-family: Times New Roman, serif;\">Jakub Kierzeka, Przemys\u0142aw Migo<\/span><span style=\"font-family: Times New Roman, serif;\">\u0144,<\/span><span style=\"font-family: Times New Roman, serif;\"> Mateusz Grobel<\/span><span style=\"font-family: Times New Roman, serif;\">ny,<\/span><span style=\"font-family: Times New Roman, serif;\"> Szymon Musialik, Kacp<\/span><span style=\"font-family: Times New Roman, serif;\">er<\/span><span style=\"font-family: Times New Roman, serif;\"> Dyl, Kamil Bon<\/span><span style=\"font-family: Times New Roman, serif;\">k,<\/span><span style=\"font-family: Times New Roman, serif;\"> Mart<\/span><span style=\"font-family: Times New Roman, serif;\">a<\/span><span style=\"font-family: Times New Roman, serif;\"> Radek, Agnieszk<\/span><span style=\"font-family: Times New Roman, serif;\">a<\/span><span style=\"font-family: Times New Roman, serif;\"> Marcinkowsk<\/span><span style=\"font-family: Times New Roman, serif;\">a.<\/span><\/b><\/p>\n<p><span style=\"font-family: Times New Roman, serif;\">Uczniowie wykazali si\u0119 szczeg\u00f3lnymi osi\u0105gni\u0119ciami w dziedzinie sportu zdobywaj\u0105c laury na zawodach o randze og\u00f3lnopolskiej i wojew\u00f3dzkiej. Tym samym przyczynili si\u0119 do rozs\u0142awienia imienia szko\u0142y w wojew\u00f3dztwie oraz stali si\u0119 ambasadorami miasta Lubli\u0144ca. <\/span><\/p>\n<p><span style=\"color: #ce181e;\"><span style=\"font-family: Times New Roman, serif;\"><b>Nagrody Burmistrza w zakresie kultury otrzymali:<\/b><\/span><\/span><\/p>\n<p><span style=\"font-family: Times New Roman, serif;\"><b>Agnieszk<\/b><\/span><span style=\"font-family: Times New Roman, serif;\"><b>a<\/b><\/span><span style=\"font-family: Times New Roman, serif;\"><b> Raj-Kubat<\/b><\/span><span style=\"font-family: Times New Roman, serif;\"> &#8211; za osi\u0105gni\u0119cia artystyczne w 2018 roku: scenariusz i re\u017cyseri\u0119 spektakli Teatru po Pracy &#8211; \u201eNie taki sam\u201d, \u201eAlejchem Szalom\u201d \u201eTu i teraz\u201d oraz re\u017cyseri\u0119 i wsp\u00f3\u0142autorstwo projektu \u201e Na pierwszy znak\u201d <\/span><\/p>\n<p><span style=\"font-family: Times New Roman, serif;\"><b>Juli<\/b><\/span><span style=\"font-family: Times New Roman, serif;\"><b>a<\/b><\/span><span style=\"font-family: Times New Roman, serif;\"><b> Sekulsk<\/b><\/span><span style=\"font-family: Times New Roman, serif;\"><b>a<\/b><\/span><span style=\"font-family: Times New Roman, serif;\"> &#8211;<\/span><span style=\"font-family: Times New Roman, serif;\"> za osi\u0105gni\u0119cia artystyczne w 2018 roku: <\/span><\/p>\n<p><span style=\"font-family: Times New Roman, serif;\">II miejsce w Mi\u0119dzynarodowym Konkursie Skrzypcowym \u201eVivaldi 340\u201d- Wieliczka 2018; <\/span><\/p>\n<p><span style=\"font-family: Times New Roman, serif;\">II miejsce w Przegl\u0105dzie piosenki m\u0142odzie\u017cowej w ramach kampanii \u201eTwoje TAK ma znaczenie\u201d &#8211; Lubliniec 2018; <\/span><\/p>\n<p><span style=\"font-family: Times New Roman, serif;\">III miejsce w Kosz\u0119ci\u0144skiej Ku\u017ani Talent\u00f3w \u2013 Kosz\u0119cin 2018 . <\/span><\/p>\n<p><span style=\"font-family: Times New Roman, serif;\">Aleksandr<\/span><span style=\"font-family: Times New Roman, serif;\">a<\/span><span style=\"font-family: Times New Roman, serif;\"> Filipiak &#8211; za upowszechnianie kultury w \u015brodowisku lokalnym poprzez prowadzenie warsztat\u00f3w pisania ikon oraz kierowanie grup\u0105 ikonopisarzy w Lubli\u0144cu <\/span><\/p>\n<p><span style=\"font-family: Times New Roman, serif;\">W<\/span><span style=\"font-family: Times New Roman, serif;\">yr\u00f3\u017cnienia Burmistrza w dziedzinie kultury: <\/span><\/p>\n<p><span style=\"font-family: Times New Roman, serif;\"><b>Miejskiej M\u0142odzie\u017cowej Orkiestry D\u0119tej pod batut\u0105 Bart\u0142omieja Pi\u0119ty<\/b><\/span><span style=\"font-family: Times New Roman, serif;\"> dzia\u0142aj\u0105cej przy Miejskim Domu Kultury w Lubli\u0144cu za szczeg\u00f3lne osi\u0105gni\u0119cia artystyczne w 2018 roku, upowszechnianie kultury w \u015brodowisku lokalnym oraz promocj\u0119 dokona\u0144 artystycznych na forum krajowym i mi\u0119dzynarodowym \u201eTeatru po Pracy\u201d, dzia\u0142aj\u0105cego przy Miejskim Domu Kultury w Lubli\u0144cu za szczeg\u00f3lne osi\u0105gni\u0119cia w upowszechnianiu kultury w \u015brodowisku lokalnym.<\/span><\/p>\n<p><span style=\"font-family: Times New Roman, serif;\">Edward Maniura podzi\u0119kowa\u0142 te\u017c za zaanga\u017cowanie i wieloletni\u0105 prac\u0119 w Lublinieckiej Radzie Sportu: <\/span><\/p>\n<p><span style=\"font-family: Times New Roman, serif;\"><b>Zygmunt Anczok<\/b><\/span><span style=\"font-family: Times New Roman, serif;\"> &#8211; przewodnicz\u0105c<\/span><span style=\"font-family: Times New Roman, serif;\">y<\/span><span style=\"font-family: Times New Roman, serif;\"> Lublinieckiej Rady Sportu <\/span><\/p>\n<p><span style=\"font-family: Times New Roman, serif;\"><b>Soni<\/b><\/span><span style=\"font-family: Times New Roman, serif;\"><b>a<\/b><\/span><span style=\"font-family: Times New Roman, serif;\"><b> Wachowsk<\/b><\/span><span style=\"font-family: Times New Roman, serif;\"><b>a<\/b><\/span><span style=\"font-family: Times New Roman, serif;\"> &#8211; cz\u0142onkini Lublinieckiej Rady Sportu <\/span><\/p>\n<p><span style=\"font-family: Times New Roman, serif;\"><b>Adam Richter<\/b><\/span><span style=\"font-family: Times New Roman, serif;\"> &#8211; zast\u0119pc<\/span><span style=\"font-family: Times New Roman, serif;\">a<\/span><span style=\"font-family: Times New Roman, serif;\"> przewodnicz\u0105cego Lublinieckiej Rady Sportu <\/span><\/p>\n<p><span style=\"font-family: Times New Roman, serif;\"><b>Jaros\u0142aw Wachowski<\/b><\/span><span style=\"font-family: Times New Roman, serif;\"> &#8211; zast\u0119pc<\/span><span style=\"font-family: Times New Roman, serif;\">a<\/span><span style=\"font-family: Times New Roman, serif;\"> przewodnicz\u0105cego Lublinieckiej Rady Sportu <\/span><\/p>\n<p><span style=\"font-family: Times New Roman, serif;\"><b>Tomasz Ma\u0144<\/b><\/span><span style=\"font-family: Times New Roman, serif;\"><b>ka<\/b><\/span><span style=\"font-family: Times New Roman, serif;\"> &#8211; cz\u0142on<\/span><span style=\"font-family: Times New Roman, serif;\">ek<\/span><span style=\"font-family: Times New Roman, serif;\"> Lublinieckiej Rady Sportu <\/span><\/p>\n<p><span style=\"font-family: Times New Roman, serif;\"><b>Tomasz Rybak<\/b><\/span><span style=\"font-family: Times New Roman, serif;\"> &#8211; cz\u0142on<\/span><span style=\"font-family: Times New Roman, serif;\">ek<\/span><span style=\"font-family: Times New Roman, serif;\"> Lublinieckiej Rady Sportu <\/span><\/p>\n<p><span style=\"font-family: Times New Roman, serif;\"><b>Henryk Maniur<\/b><\/span><span style=\"font-family: Times New Roman, serif;\"><b>a<\/b><\/span><span style=\"font-family: Times New Roman, serif;\"> &#8211; cz\u0142on<\/span><span style=\"font-family: Times New Roman, serif;\">ek<\/span><span style=\"font-family: Times New Roman, serif;\"> Lublinieckiej Rady Sportu <\/span><\/p>\n<p><span style=\"font-family: Times New Roman, serif;\"><b>Mar<\/b><\/span><span style=\"font-family: Times New Roman, serif;\"><b>ek<\/b><\/span><span style=\"font-family: Times New Roman, serif;\"><b> Szwedzi\u0144sk<\/b><\/span><span style=\"font-family: Times New Roman, serif;\"><b>i<\/b><\/span><span style=\"font-family: Times New Roman, serif;\"> \u2013 cz\u0142on<\/span><span style=\"font-family: Times New Roman, serif;\">ek <\/span><span style=\"font-family: Times New Roman, serif;\">Lublinieckiej Rady Sportu <\/span><\/p>\n<p><span style=\"font-family: Times New Roman, serif;\"><b>Bogus\u0142aw Plew<\/b><\/span><span style=\"font-family: Times New Roman, serif;\"><b>ka<\/b><\/span><span style=\"font-family: Times New Roman, serif;\">&#8211; cz\u0142on<\/span><span style=\"font-family: Times New Roman, serif;\">ek<\/span><span style=\"font-family: Times New Roman, serif;\"> Lublinieckiej Rady Sportu <\/span><\/p>\n<p><span style=\"font-family: Times New Roman, serif;\"><b>Grzegorz Lancmanow<\/b><\/span><span style=\"font-family: Times New Roman, serif;\"> &#8211; cz\u0142on<\/span><span style=\"font-family: Times New Roman, serif;\">ek<\/span><span style=\"font-family: Times New Roman, serif;\"> Lublinieckiej Rady Sportu <\/span><\/p>\n<p><span style=\"font-family: Times New Roman, serif;\"><b>Ceza<\/b><\/span><span style=\"font-family: Times New Roman, serif;\"><b>ry<\/b><\/span><span style=\"font-family: Times New Roman, serif;\"><b> Bia\u0142as<\/b><\/span><span style=\"font-family: Times New Roman, serif;\"> &#8211; cz\u0142on<\/span><span style=\"font-family: Times New Roman, serif;\">ek<\/span><span style=\"font-family: Times New Roman, serif;\"> Lublinieckiej Rady Sportu <\/span><\/p>\n<p><span style=\"font-family: Times New Roman, serif;\"><b>Sebastian Kaczmarczyk<\/b><\/span><span style=\"font-family: Times New Roman, serif;\"> &#8211; cz\u0142on<\/span><span style=\"font-family: Times New Roman, serif;\">ek<\/span><span style=\"font-family: Times New Roman, serif;\"> Lublinieckiej Rady Sportu <\/span><\/p>\n<p><span style=\"font-family: Times New Roman, serif;\"><b>Krzysztof Koselski<\/b><\/span><span style=\"font-family: Times New Roman, serif;\"> &#8211; cz\u0142on<\/span><span style=\"font-family: Times New Roman, serif;\">ek<\/span><span style=\"font-family: Times New Roman, serif;\"> Lublinieckiej Rady Sportu<\/span><span style=\"color: #1e2832;\"><span style=\"font-family: PT Serif, serif;\"><span style=\"font-size: medium;\"><\/p>\n<p><\/span><\/span><\/span><span style=\"color: #1e2832;\"><span style=\"font-family: Times New Roman, serif;\"><span style=\"font-size: medium;\">(<\/span><\/span><\/span><span style=\"color: #1e2832;\"><span style=\"font-family: Times New Roman, serif;\"><span style=\"font-size: medium;\">p.s-b.)<\/span><\/span><\/span><\/p>\n<p>fot. Atelier<\/p>\n","protected":false},"excerpt":{"rendered":"<p>&nbsp; W pi\u0105tek 11 stycznia w lublinieckim MDK podczas Koncertu Noworocznego publiczno\u015b\u0107 mia\u0142a okazj\u0119 zas\u0142ucha\u0107 si\u0119 w Gali Koncertowej &#8222;Johann Strauss Show&#8221; w wykonaniu<\/p>\n","protected":false},"author":3,"featured_media":0,"comment_status":"open","ping_status":"closed","sticky":false,"template":"","format":"standard","meta":{"_monsterinsights_skip_tracking":false,"_monsterinsights_sitenote_active":false,"_monsterinsights_sitenote_note":"","_monsterinsights_sitenote_category":0,"_uf_show_specific_survey":0,"_uf_disable_surveys":false,"footnotes":""},"categories":[12,25,13],"tags":[],"class_list":["post-1644","post","type-post","status-publish","format-standard","hentry","category-kultura-i-rozrywka","category-lubliniec","category-wydarzenia"],"_links":{"self":[{"href":"https:\/\/gazetaregionalna.com\/wp-json\/wp\/v2\/posts\/1644","targetHints":{"allow":["GET"]}}],"collection":[{"href":"https:\/\/gazetaregionalna.com\/wp-json\/wp\/v2\/posts"}],"about":[{"href":"https:\/\/gazetaregionalna.com\/wp-json\/wp\/v2\/types\/post"}],"author":[{"embeddable":true,"href":"https:\/\/gazetaregionalna.com\/wp-json\/wp\/v2\/users\/3"}],"replies":[{"embeddable":true,"href":"https:\/\/gazetaregionalna.com\/wp-json\/wp\/v2\/comments?post=1644"}],"version-history":[{"count":4,"href":"https:\/\/gazetaregionalna.com\/wp-json\/wp\/v2\/posts\/1644\/revisions"}],"predecessor-version":[{"id":1650,"href":"https:\/\/gazetaregionalna.com\/wp-json\/wp\/v2\/posts\/1644\/revisions\/1650"}],"wp:attachment":[{"href":"https:\/\/gazetaregionalna.com\/wp-json\/wp\/v2\/media?parent=1644"}],"wp:term":[{"taxonomy":"category","embeddable":true,"href":"https:\/\/gazetaregionalna.com\/wp-json\/wp\/v2\/categories?post=1644"},{"taxonomy":"post_tag","embeddable":true,"href":"https:\/\/gazetaregionalna.com\/wp-json\/wp\/v2\/tags?post=1644"}],"curies":[{"name":"wp","href":"https:\/\/api.w.org\/{rel}","templated":true}]}}