{"id":16410,"date":"2020-07-16T11:27:46","date_gmt":"2020-07-16T11:27:46","guid":{"rendered":"https:\/\/gazetaregionalna.com\/?p=16410"},"modified":"2020-07-16T11:27:48","modified_gmt":"2020-07-16T11:27:48","slug":"warsztaty-z-ceramiki","status":"publish","type":"post","link":"https:\/\/gazetaregionalna.com\/?p=16410","title":{"rendered":"MDK w Lubli\u0144cu zaprasza na warsztaty z ceramiki dla doros\u0142ych"},"content":{"rendered":"\n<h2 class=\"wp-block-heading\"> Na pro\u015bb\u0119 mieszka\u0144c\u00f3w Lubli\u0144ca, MDK zaprasza na warsztaty z ceramiki w ramach cyklu \u201eAkademia Kreatywno\u015bci\u201d. <\/h2>\n\n\n\n<p> Wielokrotne pytania mieszka\u0144c\u00f3w Lubli\u0144ca o zaj\u0119cia z cerami dla ka\u017cdego, w ko\u0144cu zaowocowa\u0142y. Odb\u0119d\u0105 si\u0119 one ju\u017c 30 i 31 lipca 2020 r. w budynku MDK.<\/p>\n\n\n\n<p> Warsztaty ceramiczne dla doros\u0142ych poprowadzi Anna Ba\u0142dyga \u2013 jedna ze wsp\u00f3\u0142za\u0142o\u017cycielek Galerii pod Glinianym Anio\u0142em dzia\u0142aj\u0105cej przy Miejskim Domu Kultury. W ostatnim czasie prowadzi\u0142a r\u00f3wnie\u017c sekcj\u0119 ceramiki dla dzieci. <\/p>\n\n\n\n<p> Uczestnicy warsztat\u00f3w b\u0119d\u0105 pracowa\u0107 w technice sgraffito, czyli nak\u0142adaniu kolejnych kolor\u00f3w na glin\u0119 i zeskrobywaniu warstw wierzchnich. Od ich kreatywno\u015bci zale\u017ce\u0107\u00a0b\u0119dzie co wykonaj\u0105,\u00a0czy b\u0119dzie to ozdobna misa lub inna bry\u0142a, kt\u00f3r\u0105 z powodzeniem b\u0119dzie mo\u017cna wykorzysta\u0107 do serwowania da\u0144 jako os\u0142onk\u0119 na donic\u0119 lub \u015bwiecznik. <\/p>\n\n\n\n<p> Prace ceramiczne podzielone s\u0105 na dwa etapy \u2013 tak b\u0119dzie r\u00f3wnie\u017c w tym przypadku. Pierwszy etap prac b\u0119dzie trwa\u0142 2 dni \u2013 warsztaty odb\u0119d\u0105 si\u0119 30 i 31 lipca (czwartek i pi\u0105tek) w godzinach 16.00 \u2013 18.00. Koszt uczestnictwa (kt\u00f3ry pokrywa koszt materia\u0142\u00f3w) to 30 z\u0142 za 2 dni. <\/p>\n\n\n\n<p> Po suszeniu i wypaleniu prac odb\u0119dzie si\u0119 drugi etap \u2013 szkliwienie prac. Termin tego spotkania to 24 sierpnia (pi\u0105tek) w godzinach 16.00-18.00. Koszt udzia\u0142u w drugiej cz\u0119\u015bci warsztat\u00f3w to 15 z\u0142. Rekomendowana jest obecno\u015b\u0107 w dw\u00f3ch etapach. <\/p>\n\n\n\n<p> Zapisy w Galerii pod Glinianym Anio\u0142em osobi\u015bcie lub telefonicznie: 351 06 88.<\/p>\n\n\n\n<p>Warsztaty odb\u0119d\u0105 si\u0119 w ustalonym re\u017cimie sanitarnym.<\/p>\n\n\n\n<p>(\u0179r\u00f3d\u0142o: MDK Lubliniec) <\/p>\n","protected":false},"excerpt":{"rendered":"<p>Na pro\u015bb\u0119 mieszka\u0144c\u00f3w Lubli\u0144ca, MDK zaprasza na warsztaty z ceramiki w ramach cyklu \u201eAkademia Kreatywno\u015bci\u201d. Wielokrotne pytania mieszka\u0144c\u00f3w Lubli\u0144ca o zaj\u0119cia z cerami dla<\/p>\n","protected":false},"author":12,"featured_media":16414,"comment_status":"open","ping_status":"open","sticky":false,"template":"","format":"standard","meta":{"_monsterinsights_skip_tracking":false,"_monsterinsights_sitenote_active":false,"_monsterinsights_sitenote_note":"","_monsterinsights_sitenote_category":0,"_uf_show_specific_survey":0,"_uf_disable_surveys":false,"footnotes":""},"categories":[12,25,94,13],"tags":[],"class_list":["post-16410","post","type-post","status-publish","format-standard","has-post-thumbnail","hentry","category-kultura-i-rozrywka","category-lubliniec","category-polecane","category-wydarzenia"],"_links":{"self":[{"href":"https:\/\/gazetaregionalna.com\/index.php?rest_route=\/wp\/v2\/posts\/16410","targetHints":{"allow":["GET"]}}],"collection":[{"href":"https:\/\/gazetaregionalna.com\/index.php?rest_route=\/wp\/v2\/posts"}],"about":[{"href":"https:\/\/gazetaregionalna.com\/index.php?rest_route=\/wp\/v2\/types\/post"}],"author":[{"embeddable":true,"href":"https:\/\/gazetaregionalna.com\/index.php?rest_route=\/wp\/v2\/users\/12"}],"replies":[{"embeddable":true,"href":"https:\/\/gazetaregionalna.com\/index.php?rest_route=%2Fwp%2Fv2%2Fcomments&post=16410"}],"version-history":[{"count":2,"href":"https:\/\/gazetaregionalna.com\/index.php?rest_route=\/wp\/v2\/posts\/16410\/revisions"}],"predecessor-version":[{"id":16415,"href":"https:\/\/gazetaregionalna.com\/index.php?rest_route=\/wp\/v2\/posts\/16410\/revisions\/16415"}],"wp:featuredmedia":[{"embeddable":true,"href":"https:\/\/gazetaregionalna.com\/index.php?rest_route=\/wp\/v2\/media\/16414"}],"wp:attachment":[{"href":"https:\/\/gazetaregionalna.com\/index.php?rest_route=%2Fwp%2Fv2%2Fmedia&parent=16410"}],"wp:term":[{"taxonomy":"category","embeddable":true,"href":"https:\/\/gazetaregionalna.com\/index.php?rest_route=%2Fwp%2Fv2%2Fcategories&post=16410"},{"taxonomy":"post_tag","embeddable":true,"href":"https:\/\/gazetaregionalna.com\/index.php?rest_route=%2Fwp%2Fv2%2Ftags&post=16410"}],"curies":[{"name":"wp","href":"https:\/\/api.w.org\/{rel}","templated":true}]}}