{"id":16370,"date":"2020-07-16T09:01:00","date_gmt":"2020-07-16T09:01:00","guid":{"rendered":"https:\/\/gazetaregionalna.com\/?p=16370"},"modified":"2020-07-16T10:28:35","modified_gmt":"2020-07-16T10:28:35","slug":"lataja-focha","status":"publish","type":"post","link":"https:\/\/gazetaregionalna.com\/?p=16370","title":{"rendered":"\u0141ataj\u0105 Focha"},"content":{"rendered":"\n<h2 class=\"wp-block-heading\">\u0141ataj\u0105 Focha.<\/h2>\n\n\n\n<p> [post_gallery] <\/p>\n\n\n\n<p> Drogowcy naprawiaj\u0105 jezdni\u0119 na ulicy Focha w Cz\u0119stochowie. Wczoraj wyci\u0119li najbardziej zniszczone fragmenty asfaltu, a dzisiaj od rana trwa \u0142atanie jezdni. <\/p>\n\n\n\n<p>Roboty prowadzone s\u0105 od ulicy POW do ko\u0144ca Focha.<\/p>\n\n\n\n<p>(Tekst\ni fot. IBS)<\/p>\n","protected":false},"excerpt":{"rendered":"<p>\u0141ataj\u0105 Focha. [post_gallery] Drogowcy naprawiaj\u0105 jezdni\u0119 na ulicy Focha w Cz\u0119stochowie. Wczoraj wyci\u0119li najbardziej zniszczone fragmenty asfaltu, a dzisiaj od rana trwa \u0142atanie jezdni.<\/p>\n","protected":false},"author":7,"featured_media":16373,"comment_status":"open","ping_status":"open","sticky":false,"template":"","format":"standard","meta":{"_monsterinsights_skip_tracking":false,"_monsterinsights_sitenote_active":false,"_monsterinsights_sitenote_note":"","_monsterinsights_sitenote_category":0,"_uf_show_specific_survey":0,"_uf_disable_surveys":false,"footnotes":""},"categories":[94,3,2],"tags":[],"class_list":["post-16370","post","type-post","status-publish","format-standard","has-post-thumbnail","hentry","category-polecane","category-czestochowa-informacje","category-wiadomosci"],"_links":{"self":[{"href":"https:\/\/gazetaregionalna.com\/index.php?rest_route=\/wp\/v2\/posts\/16370","targetHints":{"allow":["GET"]}}],"collection":[{"href":"https:\/\/gazetaregionalna.com\/index.php?rest_route=\/wp\/v2\/posts"}],"about":[{"href":"https:\/\/gazetaregionalna.com\/index.php?rest_route=\/wp\/v2\/types\/post"}],"author":[{"embeddable":true,"href":"https:\/\/gazetaregionalna.com\/index.php?rest_route=\/wp\/v2\/users\/7"}],"replies":[{"embeddable":true,"href":"https:\/\/gazetaregionalna.com\/index.php?rest_route=%2Fwp%2Fv2%2Fcomments&post=16370"}],"version-history":[{"count":1,"href":"https:\/\/gazetaregionalna.com\/index.php?rest_route=\/wp\/v2\/posts\/16370\/revisions"}],"predecessor-version":[{"id":16374,"href":"https:\/\/gazetaregionalna.com\/index.php?rest_route=\/wp\/v2\/posts\/16370\/revisions\/16374"}],"wp:featuredmedia":[{"embeddable":true,"href":"https:\/\/gazetaregionalna.com\/index.php?rest_route=\/wp\/v2\/media\/16373"}],"wp:attachment":[{"href":"https:\/\/gazetaregionalna.com\/index.php?rest_route=%2Fwp%2Fv2%2Fmedia&parent=16370"}],"wp:term":[{"taxonomy":"category","embeddable":true,"href":"https:\/\/gazetaregionalna.com\/index.php?rest_route=%2Fwp%2Fv2%2Fcategories&post=16370"},{"taxonomy":"post_tag","embeddable":true,"href":"https:\/\/gazetaregionalna.com\/index.php?rest_route=%2Fwp%2Fv2%2Ftags&post=16370"}],"curies":[{"name":"wp","href":"https:\/\/api.w.org\/{rel}","templated":true}]}}