{"id":16369,"date":"2020-07-16T09:04:09","date_gmt":"2020-07-16T09:04:09","guid":{"rendered":"https:\/\/gazetaregionalna.com\/?p=16369"},"modified":"2020-07-16T09:04:12","modified_gmt":"2020-07-16T09:04:12","slug":"nordic-team-czestochowa","status":"publish","type":"post","link":"https:\/\/gazetaregionalna.com\/?p=16369","title":{"rendered":"Zawodniczki i zawodnicy Nordic Team Cz\u0119stochowa startowali w Polanicy Zdr\u00f3j i stan\u0119li a\u017c 16 razy na podium"},"content":{"rendered":"\n<p>Nordic Team Cz\u0119stochowa rywalizowa\u0142 w\nPolanicy Zdr\u00f3j w pierwszym etapie Pucharu Polski Nordic Walking\n2020. Cz\u0119stochowianie wywalczyli a\u017c 16 miejsc na podium.<\/p>\n\n\n\n<figure class=\"wp-block-gallery columns-3 is-cropped wp-block-gallery-1 is-layout-flex wp-block-gallery-is-layout-flex\"><ul class=\"blocks-gallery-grid\"><li class=\"blocks-gallery-item\"><figure><img decoding=\"async\" width=\"1024\" height=\"683\" data-src=\"https:\/\/gazetaregionalna.com\/wp-content\/uploads\/2020\/07\/Rajek-1024x683.jpg\" alt=\"\" data-id=\"16368\" data-full-url=\"https:\/\/gazetaregionalna.com\/wp-content\/uploads\/2020\/07\/Rajek.jpg\" data-link=\"https:\/\/gazetaregionalna.com\/rajek\/\" class=\"wp-image-16368 lazyload\" data-srcset=\"https:\/\/gazetaregionalna.com\/wp-content\/uploads\/2020\/07\/Rajek-1024x683.jpg 1024w, https:\/\/gazetaregionalna.com\/wp-content\/uploads\/2020\/07\/Rajek-300x200.jpg 300w, https:\/\/gazetaregionalna.com\/wp-content\/uploads\/2020\/07\/Rajek-768x512.jpg 768w, https:\/\/gazetaregionalna.com\/wp-content\/uploads\/2020\/07\/Rajek-1536x1024.jpg 1536w, https:\/\/gazetaregionalna.com\/wp-content\/uploads\/2020\/07\/Rajek-696x464.jpg 696w, https:\/\/gazetaregionalna.com\/wp-content\/uploads\/2020\/07\/Rajek-1068x712.jpg 1068w, https:\/\/gazetaregionalna.com\/wp-content\/uploads\/2020\/07\/Rajek-630x420.jpg 630w, https:\/\/gazetaregionalna.com\/wp-content\/uploads\/2020\/07\/Rajek.jpg 1200w\" data-sizes=\"(max-width: 1024px) 100vw, 1024px\" src=\"data:image\/svg+xml;base64,PHN2ZyB3aWR0aD0iMSIgaGVpZ2h0PSIxIiB4bWxucz0iaHR0cDovL3d3dy53My5vcmcvMjAwMC9zdmciPjwvc3ZnPg==\" style=\"--smush-placeholder-width: 1024px; --smush-placeholder-aspect-ratio: 1024\/683;\" \/><\/figure><\/li><li class=\"blocks-gallery-item\"><figure><img decoding=\"async\" width=\"682\" height=\"1024\" data-src=\"https:\/\/gazetaregionalna.com\/wp-content\/uploads\/2020\/07\/Rosak-Wojtasinski-Kobiela-682x1024.jpg\" alt=\"\" data-id=\"16367\" data-full-url=\"https:\/\/gazetaregionalna.com\/wp-content\/uploads\/2020\/07\/Rosak-Wojtasinski-Kobiela.jpg\" data-link=\"https:\/\/gazetaregionalna.com\/rosak-wojtasinski-kobiela\/\" class=\"wp-image-16367 lazyload\" data-srcset=\"https:\/\/gazetaregionalna.com\/wp-content\/uploads\/2020\/07\/Rosak-Wojtasinski-Kobiela-682x1024.jpg 682w, https:\/\/gazetaregionalna.com\/wp-content\/uploads\/2020\/07\/Rosak-Wojtasinski-Kobiela-200x300.jpg 200w, https:\/\/gazetaregionalna.com\/wp-content\/uploads\/2020\/07\/Rosak-Wojtasinski-Kobiela-768x1153.jpg 768w, https:\/\/gazetaregionalna.com\/wp-content\/uploads\/2020\/07\/Rosak-Wojtasinski-Kobiela-1023x1536.jpg 1023w, https:\/\/gazetaregionalna.com\/wp-content\/uploads\/2020\/07\/Rosak-Wojtasinski-Kobiela-696x1045.jpg 696w, https:\/\/gazetaregionalna.com\/wp-content\/uploads\/2020\/07\/Rosak-Wojtasinski-Kobiela-1068x1603.jpg 1068w, https:\/\/gazetaregionalna.com\/wp-content\/uploads\/2020\/07\/Rosak-Wojtasinski-Kobiela-280x420.jpg 280w, https:\/\/gazetaregionalna.com\/wp-content\/uploads\/2020\/07\/Rosak-Wojtasinski-Kobiela.jpg 1066w\" data-sizes=\"(max-width: 682px) 100vw, 682px\" src=\"data:image\/svg+xml;base64,PHN2ZyB3aWR0aD0iMSIgaGVpZ2h0PSIxIiB4bWxucz0iaHR0cDovL3d3dy53My5vcmcvMjAwMC9zdmciPjwvc3ZnPg==\" style=\"--smush-placeholder-width: 682px; --smush-placeholder-aspect-ratio: 682\/1024;\" \/><\/figure><\/li><li class=\"blocks-gallery-item\"><figure><img decoding=\"async\" width=\"683\" height=\"1024\" data-src=\"https:\/\/gazetaregionalna.com\/wp-content\/uploads\/2020\/07\/Zar\u0119bski-683x1024.jpg\" alt=\"\" data-id=\"16366\" data-full-url=\"https:\/\/gazetaregionalna.com\/wp-content\/uploads\/2020\/07\/Zar\u0119bski.jpg\" data-link=\"https:\/\/gazetaregionalna.com\/zarebski\/\" class=\"wp-image-16366 lazyload\" data-srcset=\"https:\/\/gazetaregionalna.com\/wp-content\/uploads\/2020\/07\/Zar\u0119bski-683x1024.jpg 683w, https:\/\/gazetaregionalna.com\/wp-content\/uploads\/2020\/07\/Zar\u0119bski-200x300.jpg 200w, https:\/\/gazetaregionalna.com\/wp-content\/uploads\/2020\/07\/Zar\u0119bski-768x1152.jpg 768w, https:\/\/gazetaregionalna.com\/wp-content\/uploads\/2020\/07\/Zar\u0119bski-1024x1536.jpg 1024w, https:\/\/gazetaregionalna.com\/wp-content\/uploads\/2020\/07\/Zar\u0119bski-696x1044.jpg 696w, https:\/\/gazetaregionalna.com\/wp-content\/uploads\/2020\/07\/Zar\u0119bski-1068x1602.jpg 1068w, https:\/\/gazetaregionalna.com\/wp-content\/uploads\/2020\/07\/Zar\u0119bski-280x420.jpg 280w, https:\/\/gazetaregionalna.com\/wp-content\/uploads\/2020\/07\/Zar\u0119bski.jpg 1067w\" data-sizes=\"(max-width: 683px) 100vw, 683px\" src=\"data:image\/svg+xml;base64,PHN2ZyB3aWR0aD0iMSIgaGVpZ2h0PSIxIiB4bWxucz0iaHR0cDovL3d3dy53My5vcmcvMjAwMC9zdmciPjwvc3ZnPg==\" style=\"--smush-placeholder-width: 683px; --smush-placeholder-aspect-ratio: 683\/1024;\" \/><\/figure><\/li><li class=\"blocks-gallery-item\"><figure><img decoding=\"async\" width=\"683\" height=\"1024\" data-src=\"https:\/\/gazetaregionalna.com\/wp-content\/uploads\/2020\/07\/Barczyk-683x1024.jpg\" alt=\"\" data-id=\"16364\" data-full-url=\"https:\/\/gazetaregionalna.com\/wp-content\/uploads\/2020\/07\/Barczyk.jpg\" data-link=\"https:\/\/gazetaregionalna.com\/barczyk\/\" class=\"wp-image-16364 lazyload\" data-srcset=\"https:\/\/gazetaregionalna.com\/wp-content\/uploads\/2020\/07\/Barczyk-683x1024.jpg 683w, https:\/\/gazetaregionalna.com\/wp-content\/uploads\/2020\/07\/Barczyk-200x300.jpg 200w, https:\/\/gazetaregionalna.com\/wp-content\/uploads\/2020\/07\/Barczyk-768x1152.jpg 768w, https:\/\/gazetaregionalna.com\/wp-content\/uploads\/2020\/07\/Barczyk-1024x1536.jpg 1024w, https:\/\/gazetaregionalna.com\/wp-content\/uploads\/2020\/07\/Barczyk-696x1044.jpg 696w, https:\/\/gazetaregionalna.com\/wp-content\/uploads\/2020\/07\/Barczyk-1068x1602.jpg 1068w, https:\/\/gazetaregionalna.com\/wp-content\/uploads\/2020\/07\/Barczyk-280x420.jpg 280w, https:\/\/gazetaregionalna.com\/wp-content\/uploads\/2020\/07\/Barczyk.jpg 1067w\" data-sizes=\"(max-width: 683px) 100vw, 683px\" src=\"data:image\/svg+xml;base64,PHN2ZyB3aWR0aD0iMSIgaGVpZ2h0PSIxIiB4bWxucz0iaHR0cDovL3d3dy53My5vcmcvMjAwMC9zdmciPjwvc3ZnPg==\" style=\"--smush-placeholder-width: 683px; --smush-placeholder-aspect-ratio: 683\/1024;\" \/><\/figure><\/li><\/ul><\/figure>\n\n\n\n<p>&#8211; W zawodach rozegranych na dystansach 5, 10 km oraz p\u00f3\u0142maratonu udzia\u0142 wzi\u0119\u0142o 29 zawodnik\u00f3w Nordic Team Cz\u0119stochowa, kt\u00f3rzy wywalczyli a\u017c 16 indywidualnych miejsc na podium \u2013 relacjonuje <strong>Daniel Wojtasi\u0144ski<\/strong> z Nordic Team Cz\u0119stochowa. &#8211; Cz\u0119stochowska ekipa po raz kolejny uplasowa\u0142a si\u0119 na drugim miejscu Dru\u017cynowego Pucharu Polski ust\u0119puj\u0105c jedynie KS Metraco Polkowice. Indywidualnie zwyci\u0119\u017cyli bez podzia\u0142u na kategorie wiekowe &#8211; <strong>Micha\u0142 Zar\u0119bski<\/strong> na dystansie 5km oraz <strong>Marcin Rosak<\/strong> na dystansie 10km. Puchar Polski w kategoriach wiekowych wywalczyli r\u00f3wnie\u017c \u2013 <strong>Bogdan Barczyk<\/strong> (p\u00f3\u0142maraton kat. M50)), <strong>Bart\u0142omiej D\u0119bski<\/strong> (5km kat. M40) i <strong>Bartosz Kurzac<\/strong> (5km kat. M-Junior). Drugie miejsca zaj\u0119li &#8211; <strong>Magda Rajek<\/strong> (p\u00f3\u0142maraton kat. K40), <strong>Jaros\u0142aw Pietrzyk<\/strong> (p\u00f3\u0142maraton kat. M30), <strong>Nadia Kolarska<\/strong> (5km kat. K-dzieci) oraz dwukrotnie <strong>Tomasz Marczak<\/strong> (5km i 10km kat. M18) i <strong>Daniel Wojtasi\u0144ski<\/strong> (5km i 10km M40).<\/p>\n\n\n\n<figure class=\"wp-block-image size-large\"><img decoding=\"async\" width=\"1024\" height=\"683\" data-src=\"https:\/\/gazetaregionalna.com\/wp-content\/uploads\/2020\/07\/NTCzestochowa-1024x683.jpg\" alt=\"\" class=\"wp-image-16365 lazyload\" data-srcset=\"https:\/\/gazetaregionalna.com\/wp-content\/uploads\/2020\/07\/NTCzestochowa-1024x683.jpg 1024w, https:\/\/gazetaregionalna.com\/wp-content\/uploads\/2020\/07\/NTCzestochowa-300x200.jpg 300w, https:\/\/gazetaregionalna.com\/wp-content\/uploads\/2020\/07\/NTCzestochowa-768x512.jpg 768w, https:\/\/gazetaregionalna.com\/wp-content\/uploads\/2020\/07\/NTCzestochowa-1536x1024.jpg 1536w, https:\/\/gazetaregionalna.com\/wp-content\/uploads\/2020\/07\/NTCzestochowa-696x464.jpg 696w, https:\/\/gazetaregionalna.com\/wp-content\/uploads\/2020\/07\/NTCzestochowa-1068x712.jpg 1068w, https:\/\/gazetaregionalna.com\/wp-content\/uploads\/2020\/07\/NTCzestochowa-630x420.jpg 630w, https:\/\/gazetaregionalna.com\/wp-content\/uploads\/2020\/07\/NTCzestochowa.jpg 1200w\" data-sizes=\"(max-width: 1024px) 100vw, 1024px\" src=\"data:image\/svg+xml;base64,PHN2ZyB3aWR0aD0iMSIgaGVpZ2h0PSIxIiB4bWxucz0iaHR0cDovL3d3dy53My5vcmcvMjAwMC9zdmciPjwvc3ZnPg==\" style=\"--smush-placeholder-width: 1024px; --smush-placeholder-aspect-ratio: 1024\/683;\" \/><\/figure>\n\n\n\n<p>Reprezentanci NT Cz\u0119stochowa stawali te\u017c na najni\u017cszym stopniu podium. &#8211; Trzecie miejsca wywalczyli &#8211; <strong>Krzysztof Kobiela<\/strong> (10km kat. kat. M40), <strong>Renata Kozak<\/strong> (5km kat. K45), <strong>Wiktor Szcz\u0119\u015bniak<\/strong> (5km kat. M-Junior) i <strong>Marcin Cie\u015bluk<\/strong> (5km kat. M-Niepe\u0142nosprawni) \u2013 dodaje <strong>Daniel Wojtasi\u0144ki<\/strong>.<\/p>\n\n\n\n<figure class=\"wp-block-gallery columns-1 is-cropped wp-block-gallery-2 is-layout-flex wp-block-gallery-is-layout-flex\"><ul class=\"blocks-gallery-grid\"><li class=\"blocks-gallery-item\"><figure><img decoding=\"async\" width=\"1024\" height=\"683\" data-src=\"https:\/\/gazetaregionalna.com\/wp-content\/uploads\/2020\/07\/Kolarska-1024x683.jpg\" alt=\"\" data-id=\"16363\" data-full-url=\"https:\/\/gazetaregionalna.com\/wp-content\/uploads\/2020\/07\/Kolarska.jpg\" data-link=\"https:\/\/gazetaregionalna.com\/kolarska\/\" class=\"wp-image-16363 lazyload\" data-srcset=\"https:\/\/gazetaregionalna.com\/wp-content\/uploads\/2020\/07\/Kolarska-1024x683.jpg 1024w, https:\/\/gazetaregionalna.com\/wp-content\/uploads\/2020\/07\/Kolarska-300x200.jpg 300w, https:\/\/gazetaregionalna.com\/wp-content\/uploads\/2020\/07\/Kolarska-768x512.jpg 768w, https:\/\/gazetaregionalna.com\/wp-content\/uploads\/2020\/07\/Kolarska-1536x1024.jpg 1536w, https:\/\/gazetaregionalna.com\/wp-content\/uploads\/2020\/07\/Kolarska-696x464.jpg 696w, https:\/\/gazetaregionalna.com\/wp-content\/uploads\/2020\/07\/Kolarska-1068x712.jpg 1068w, https:\/\/gazetaregionalna.com\/wp-content\/uploads\/2020\/07\/Kolarska-630x420.jpg 630w, https:\/\/gazetaregionalna.com\/wp-content\/uploads\/2020\/07\/Kolarska.jpg 1200w\" data-sizes=\"(max-width: 1024px) 100vw, 1024px\" src=\"data:image\/svg+xml;base64,PHN2ZyB3aWR0aD0iMSIgaGVpZ2h0PSIxIiB4bWxucz0iaHR0cDovL3d3dy53My5vcmcvMjAwMC9zdmciPjwvc3ZnPg==\" style=\"--smush-placeholder-width: 1024px; --smush-placeholder-aspect-ratio: 1024\/683;\" \/><\/figure><\/li><\/ul><\/figure>\n\n\n\n<p>Foto: Archiwum Nordic Team Cz\u0119stochowa <\/p>\n","protected":false},"excerpt":{"rendered":"<p>Nordic Team Cz\u0119stochowa rywalizowa\u0142 w Polanicy Zdr\u00f3j w pierwszym etapie Pucharu Polski Nordic Walking 2020. Cz\u0119stochowianie wywalczyli a\u017c 16 miejsc na podium. &#8211; W<\/p>\n","protected":false},"author":15,"featured_media":16362,"comment_status":"open","ping_status":"open","sticky":false,"template":"","format":"standard","meta":{"_monsterinsights_skip_tracking":false,"_monsterinsights_sitenote_active":false,"_monsterinsights_sitenote_note":"","_monsterinsights_sitenote_category":0,"_uf_show_specific_survey":0,"_uf_disable_surveys":false,"footnotes":""},"categories":[5,11],"tags":[],"class_list":["post-16369","post","type-post","status-publish","format-standard","has-post-thumbnail","hentry","category-sport","category-pozostale"],"_links":{"self":[{"href":"https:\/\/gazetaregionalna.com\/index.php?rest_route=\/wp\/v2\/posts\/16369","targetHints":{"allow":["GET"]}}],"collection":[{"href":"https:\/\/gazetaregionalna.com\/index.php?rest_route=\/wp\/v2\/posts"}],"about":[{"href":"https:\/\/gazetaregionalna.com\/index.php?rest_route=\/wp\/v2\/types\/post"}],"author":[{"embeddable":true,"href":"https:\/\/gazetaregionalna.com\/index.php?rest_route=\/wp\/v2\/users\/15"}],"replies":[{"embeddable":true,"href":"https:\/\/gazetaregionalna.com\/index.php?rest_route=%2Fwp%2Fv2%2Fcomments&post=16369"}],"version-history":[{"count":1,"href":"https:\/\/gazetaregionalna.com\/index.php?rest_route=\/wp\/v2\/posts\/16369\/revisions"}],"predecessor-version":[{"id":16375,"href":"https:\/\/gazetaregionalna.com\/index.php?rest_route=\/wp\/v2\/posts\/16369\/revisions\/16375"}],"wp:featuredmedia":[{"embeddable":true,"href":"https:\/\/gazetaregionalna.com\/index.php?rest_route=\/wp\/v2\/media\/16362"}],"wp:attachment":[{"href":"https:\/\/gazetaregionalna.com\/index.php?rest_route=%2Fwp%2Fv2%2Fmedia&parent=16369"}],"wp:term":[{"taxonomy":"category","embeddable":true,"href":"https:\/\/gazetaregionalna.com\/index.php?rest_route=%2Fwp%2Fv2%2Fcategories&post=16369"},{"taxonomy":"post_tag","embeddable":true,"href":"https:\/\/gazetaregionalna.com\/index.php?rest_route=%2Fwp%2Fv2%2Ftags&post=16369"}],"curies":[{"name":"wp","href":"https:\/\/api.w.org\/{rel}","templated":true}]}}