{"id":16354,"date":"2020-07-16T08:30:31","date_gmt":"2020-07-16T08:30:31","guid":{"rendered":"https:\/\/gazetaregionalna.com\/?p=16354"},"modified":"2020-07-16T08:30:33","modified_gmt":"2020-07-16T08:30:33","slug":"trwaja-prace-remontowe","status":"publish","type":"post","link":"https:\/\/gazetaregionalna.com\/?p=16354","title":{"rendered":"W R\u0119kszowicach trwaj\u0105 prace remontowe plac\u00f3wki szkolno \u2013 przedszkolnej"},"content":{"rendered":"\n<h2 class=\"wp-block-heading\"> Trwaj\u0105 prace remontowe w Zespole\u00a0Szkolno\u00a0\u2013 Przedszkolnym w R\u0119kszowicach.<\/h2>\n\n\n\n<p>Trwaj\u0105ce prace sfinansowane s\u0105 w ramach Rz\u0105dowego Programu \u201ePosi\u0142ek w szkole i w domu\u201d w kwocie 44 tysi\u0119cy z\u0142.<\/p>\n\n\n\n<p>W ramach dofinansowania zakres prac obejmuje:<\/p>\n\n\n\n<p>Remont kuchni szkolnej<\/p>\n\n\n\n<ul class=\"wp-block-list\"><li>wykonanie\nnowej instalacji gazowej, kt\u00f3ra zapewni dost\u0119p do bie\u017c\u0105cej ciep\u0142ej wody w\nkuchni oraz korzystanie z kuchni gazowej i z taboret\u00f3w gazowych;<\/li><li>zlikwidowanie\npieca w\u0119glowego;<\/li><li>odmalowanie\nkuchni;<\/li><li>instalacja\nwodno-kanalizacyjna;<\/li><li>instalacja\nnowych sto\u0142\u00f3w ze zlewozmywakiem;<\/li><li>po\u0142o\u017cenie\np\u0142ytek \u015bciennych i pod\u0142ogowych.<\/li><\/ul>\n\n\n\n<p>Doposa\u017cenie sto\u0142\u00f3wki<\/p>\n\n\n\n<ul class=\"wp-block-list\"><li>zamontowanie nowych szafek ze stali nierdzewnej;<\/li><li>zainstalowanie lamp owadob\u00f3jczych;<\/li><li>nowe naczynia i sprz\u0119t kuchenny zgodny z przepisami\ndotycz\u0105cymi przygotowywania\ni sporz\u0105dzania posi\u0142k\u00f3w w \u017cywieniu zbiorowym.<\/li><\/ul>\n\n\n\n<p>Ca\u0142kowity koszt inwestycji wyniesie 55 000,00 z\u0142.<\/p>\n\n\n\n<p>[post_gallery]<\/p>\n\n\n\n<p>(\u0179r\u00f3d\u0142o: Gmina Konopiska)<\/p>\n","protected":false},"excerpt":{"rendered":"<p>Trwaj\u0105 prace remontowe w Zespole\u00a0Szkolno\u00a0\u2013 Przedszkolnym w R\u0119kszowicach. Trwaj\u0105ce prace sfinansowane s\u0105 w ramach Rz\u0105dowego Programu \u201ePosi\u0142ek w szkole i w domu\u201d w kwocie<\/p>\n","protected":false},"author":12,"featured_media":16357,"comment_status":"open","ping_status":"open","sticky":false,"template":"","format":"standard","meta":{"_monsterinsights_skip_tracking":false,"_monsterinsights_sitenote_active":false,"_monsterinsights_sitenote_note":"","_monsterinsights_sitenote_category":0,"_uf_show_specific_survey":0,"_uf_disable_surveys":false,"footnotes":""},"categories":[33,20,41,94,4,2],"tags":[],"class_list":["post-16354","post","type-post","status-publish","format-standard","has-post-thumbnail","hentry","category-inwestycje","category-budownictwo","category-edukacja","category-polecane","category-region","category-wiadomosci"],"_links":{"self":[{"href":"https:\/\/gazetaregionalna.com\/index.php?rest_route=\/wp\/v2\/posts\/16354","targetHints":{"allow":["GET"]}}],"collection":[{"href":"https:\/\/gazetaregionalna.com\/index.php?rest_route=\/wp\/v2\/posts"}],"about":[{"href":"https:\/\/gazetaregionalna.com\/index.php?rest_route=\/wp\/v2\/types\/post"}],"author":[{"embeddable":true,"href":"https:\/\/gazetaregionalna.com\/index.php?rest_route=\/wp\/v2\/users\/12"}],"replies":[{"embeddable":true,"href":"https:\/\/gazetaregionalna.com\/index.php?rest_route=%2Fwp%2Fv2%2Fcomments&post=16354"}],"version-history":[{"count":2,"href":"https:\/\/gazetaregionalna.com\/index.php?rest_route=\/wp\/v2\/posts\/16354\/revisions"}],"predecessor-version":[{"id":16361,"href":"https:\/\/gazetaregionalna.com\/index.php?rest_route=\/wp\/v2\/posts\/16354\/revisions\/16361"}],"wp:featuredmedia":[{"embeddable":true,"href":"https:\/\/gazetaregionalna.com\/index.php?rest_route=\/wp\/v2\/media\/16357"}],"wp:attachment":[{"href":"https:\/\/gazetaregionalna.com\/index.php?rest_route=%2Fwp%2Fv2%2Fmedia&parent=16354"}],"wp:term":[{"taxonomy":"category","embeddable":true,"href":"https:\/\/gazetaregionalna.com\/index.php?rest_route=%2Fwp%2Fv2%2Fcategories&post=16354"},{"taxonomy":"post_tag","embeddable":true,"href":"https:\/\/gazetaregionalna.com\/index.php?rest_route=%2Fwp%2Fv2%2Ftags&post=16354"}],"curies":[{"name":"wp","href":"https:\/\/api.w.org\/{rel}","templated":true}]}}