{"id":16191,"date":"2020-07-14T08:50:01","date_gmt":"2020-07-14T08:50:01","guid":{"rendered":"https:\/\/gazetaregionalna.com\/?p=16191"},"modified":"2020-07-14T09:45:56","modified_gmt":"2020-07-14T09:45:56","slug":"po-jurze-na-dwoch-kolkach","status":"publish","type":"post","link":"https:\/\/gazetaregionalna.com\/?p=16191","title":{"rendered":"Po Jurze na dw\u00f3ch k\u00f3\u0142kach"},"content":{"rendered":"\n<h2 class=\"wp-block-heading\">Po Jurze na dw\u00f3ch k\u00f3\u0142kach. Skrzykn\u0119li si\u0119 na Facebooku i na rowerach odkrywaj\u0105 uroki Jury.<\/h2>\n\n\n\n<p> [post_gallery] <\/p>\n\n\n\n<p> Jest ich blisko 200. To g\u0142\u00f3wnie cz\u0119stochowianie, ale na rowerowe wyprawy po okolicy wybieraj\u0105 si\u0119 z nimi tak\u017ce mieszka\u0144cy o\u015bciennych gmin.Pomys\u0142odawc\u0105 grupy pod nazw\u0105 \u201eRowerem po Jurze \u2013 wycieczki ma\u0142e i du\u017ce\u201d jest cz\u0119stochowianin Konrad \u0141ebkowski.<\/p>\n\n\n\n<p>&#8211;<em> Turystyk\u0105 rowerow\u0105 zajmuj\u0119 si\u0119 od 15 lat <\/em>\u2013 opowiada. &#8211; <em>To moje hobby. Przez kilkana\u015bcie lat je\u017adzi\u0142em samotnie po Jurze, odwiedzaj\u0105c bardziej lub mniej znane jej fragmenty. W tym roku postanowi\u0142em na moje wyprawy zaprosi\u0107 innych. Chcia\u0142em im pokaza\u0107 to, co mnie ju\u017c wiele lat temu urzek\u0142o na Jurze.<\/em><\/p>\n\n\n\n<p>Jak\nopowiada za\u0142o\u017cyciel grupy \u201eRowerem po Jurze\u201d, z organizacj\u0105\nwypad\u00f3w za miasto mia\u0142 ruszy\u0107 ju\u017c w kwietniu. Na przeszkodzie\nstan\u0105\u0142&nbsp;koronawirus. Z jurajskimi wyprawami wystartowa\u0142 wi\u0119c\ndopiero w czerwcu. Chocia\u017c od rozpocz\u0119cia cyklu min\u0119\u0142o niewiele\nczasu, grupa ma ju\u017c za sob\u0105 pi\u0119\u0107 interesuj\u0105cych wycieczek.<\/p>\n\n\n\n<p>&#8211; <em>Odwiedzili\u015bmy ju\u017c  G\u00f3ry Towarne, zorganizowa\u0142em wycieczk\u0119 wok\u00f3\u0142 Mstowa, przejazd szlakiem kopalni \u017celaza w gminie Konopiska, a tak\u017ce wypad do kamienio\u0142omu Lip\u00f3wka w Rudnikach<\/em> \u2013 opowiada Konrad \u0141ebkowski. &#8211; <em>Przygotowa\u0142em tak\u017ce wyjazd w poszukiwaniu mi\u0142o\u015bci. Pojechali\u015bmy do miejscowo\u015bci Mi\u0142o\u015b\u0107 w gminie Kozieg\u0142owy. Zawsze staram si\u0119 wyszukiwa\u0107 jak najciekawsze trasy, a tak\u017ce nadawa\u0107 wyprawom jaki\u015b mianownik, temat. Chodzi mi o to, aby zach\u0119ci\u0107 jak najwi\u0119cej os\u00f3b.<\/em><\/p>\n\n\n\n<p>Jak\nm\u00f3wi Konrad \u0141ebkowski, przygotowywane przez niego wycieczki s\u0105\ndostosowane do r\u00f3\u017cnych umiej\u0119tno\u015bci i kondycji rowerzyst\u00f3w.\nStara si\u0119 proponowa\u0107 wypady za miasto osobom z niewielkim\ndo\u015bwiadczeniem, ale tak\u017ce ju\u017c dojrza\u0142ym rowerzystom, kt\u00f3rzy maj\u0105\nna swoim koncie wiele przejechanych kilometr\u00f3w. Tym ostatnim\nproponuje trasy licz\u0105ce nawet ponad sto kilometr\u00f3w.<\/p>\n\n\n\n<p>&#8211;<em> W planach mam tak\u017ce zorganizowanie \u0142atwej wycieczki dla ca\u0142ych rodzi<\/em>n \u2013 opowiada Konrad \u0141ebkowski. &#8211; <em>Kto wie, mo\u017ce wybierzemy si\u0119 na G\u00f3r\u0119 Ossona?<\/em><\/p>\n\n\n\n<p>Aby\ndo\u0142\u0105czy\u0107 do mi\u0142o\u015bnik\u00f3w rowerowych wypraw, wystarczy polubi\u0107\nstron\u0119 pana Konrada na Facebooku i \u015bledzi\u0107 powiadomienia.<\/p>\n\n\n\n<p>&#8211; N<em>a bie\u017c\u0105co umieszczam nie tylko relacje z odbytych ju\u017c wypraw, ale tak\u017ce zapowiedzi kolejnych wycieczek<\/em> \u2013 m\u00f3wi cz\u0119stochowianin. &#8211; <em>Warto \u015bledzi\u0107 te informacje. Zasada jest prosta. Nie robi\u0119 wcze\u015bniej \u017cadnych zapis\u00f3w. Podaj\u0119 dat\u0119 wyjazdu i je\u017celi pogoda dopisze, spotykamy si\u0119 zawsze na placu Biega\u0144skiego w Cz\u0119stochowie, sk\u0105d ruszamy w drog\u0119.<\/em><\/p>\n\n\n\n<p>(IBS, fot. Facebook \u201eRowerem pod Jurze\u201d)<\/p>\n","protected":false},"excerpt":{"rendered":"<p>Po Jurze na dw\u00f3ch k\u00f3\u0142kach. Skrzykn\u0119li si\u0119 na Facebooku i na rowerach odkrywaj\u0105 uroki Jury. [post_gallery] Jest ich blisko 200. To g\u0142\u00f3wnie cz\u0119stochowianie, ale<\/p>\n","protected":false},"author":7,"featured_media":16198,"comment_status":"open","ping_status":"open","sticky":false,"template":"","format":"standard","meta":{"_monsterinsights_skip_tracking":false,"_monsterinsights_sitenote_active":false,"_monsterinsights_sitenote_note":"","_monsterinsights_sitenote_category":0,"_uf_show_specific_survey":0,"_uf_disable_surveys":false,"footnotes":""},"categories":[94,3,4,2],"tags":[],"class_list":["post-16191","post","type-post","status-publish","format-standard","has-post-thumbnail","hentry","category-polecane","category-czestochowa-informacje","category-region","category-wiadomosci"],"_links":{"self":[{"href":"https:\/\/gazetaregionalna.com\/index.php?rest_route=\/wp\/v2\/posts\/16191","targetHints":{"allow":["GET"]}}],"collection":[{"href":"https:\/\/gazetaregionalna.com\/index.php?rest_route=\/wp\/v2\/posts"}],"about":[{"href":"https:\/\/gazetaregionalna.com\/index.php?rest_route=\/wp\/v2\/types\/post"}],"author":[{"embeddable":true,"href":"https:\/\/gazetaregionalna.com\/index.php?rest_route=\/wp\/v2\/users\/7"}],"replies":[{"embeddable":true,"href":"https:\/\/gazetaregionalna.com\/index.php?rest_route=%2Fwp%2Fv2%2Fcomments&post=16191"}],"version-history":[{"count":3,"href":"https:\/\/gazetaregionalna.com\/index.php?rest_route=\/wp\/v2\/posts\/16191\/revisions"}],"predecessor-version":[{"id":16204,"href":"https:\/\/gazetaregionalna.com\/index.php?rest_route=\/wp\/v2\/posts\/16191\/revisions\/16204"}],"wp:featuredmedia":[{"embeddable":true,"href":"https:\/\/gazetaregionalna.com\/index.php?rest_route=\/wp\/v2\/media\/16198"}],"wp:attachment":[{"href":"https:\/\/gazetaregionalna.com\/index.php?rest_route=%2Fwp%2Fv2%2Fmedia&parent=16191"}],"wp:term":[{"taxonomy":"category","embeddable":true,"href":"https:\/\/gazetaregionalna.com\/index.php?rest_route=%2Fwp%2Fv2%2Fcategories&post=16191"},{"taxonomy":"post_tag","embeddable":true,"href":"https:\/\/gazetaregionalna.com\/index.php?rest_route=%2Fwp%2Fv2%2Ftags&post=16191"}],"curies":[{"name":"wp","href":"https:\/\/api.w.org\/{rel}","templated":true}]}}