{"id":1600,"date":"2019-01-17T12:00:53","date_gmt":"2019-01-17T12:00:53","guid":{"rendered":"http:\/\/gazetaregionalna.com\/?p=1600"},"modified":"2019-01-13T17:41:10","modified_gmt":"2019-01-13T17:41:10","slug":"policja-podsumowala-2018-rok-na-drogach","status":"publish","type":"post","link":"https:\/\/gazetaregionalna.com\/?p=1600","title":{"rendered":"Policja podsumowa\u0142a 2018 rok na drogach"},"content":{"rendered":"<p>&nbsp;<\/p>\n<p><span style=\"font-family: Times New Roman, serif;\">Patrz\u0105c na policyjne statystyki mamy kilka powod\u00f3w do rado\u015bci. W ubieg\u0142ym roku by\u0142o mniej wypadk\u00f3w, mniej pijanych kierowc\u00f3w i ofiar przez nich spowodowanych. Za to przyby\u0142o ofiar \u015bmiertelnych w\u015br\u00f3d rowerzyst\u00f3w i motocyklist\u00f3w. <\/span><\/p>\n<p><span style=\"font-family: Times New Roman, serif;\">Patrz\u0105c na dane udost\u0119pnione przez Dziennik.pl, kt\u00f3ry dotar\u0142 do najnowszych statystyk policyjnych za 2018 rok widzimy, \u017ce w ubieg\u0142ym roku dosz\u0142o do 31 410 wypadk\u00f3w drogowych, czyli o 1350 mniej ni\u017c w roku 2017. Spadek odnotowano tak\u017ce w liczbie zatrzymanych nietrze\u017awych kierowc\u00f3w \u2013 w 2018 roku by\u0142o ich 104 664, o 4654 mniej ni\u017c rok wcze\u015bniej.<\/span><\/p>\n<p><span style=\"font-family: Times New Roman, serif;\">Co wa\u017cniejsze, pijani kierowcy spowodowali tak\u017ce mniej wypadk\u00f3w. W 2018 roku by\u0142o 1550 tego typu zdarze\u0144 (82 mniej), w kt\u00f3rych zgin\u0119\u0142o 169 os\u00f3b (37 zabitych mniej), a 1904 osoby zosta\u0142y ranne (o 64 mniej). Za to nietrze\u017awi spowodowali w ubieg\u0142ym roku o 15 kolizji wi\u0119cej ni\u017c w roku 2017 (7915 kolizji).<\/span><\/p>\n<p><span style=\"font-family: Times New Roman, serif;\"><b>Mniej zatrzymanych praw jazdy<\/b><\/span><\/p>\n<p><span style=\"font-family: Times New Roman, serif;\">Nadal najcz\u0119stszym przewinieniem kierowc\u00f3w jest nadmierna pr\u0119dko\u015b\u0107. Wed\u0142ug policyjnych statystyk z tej przyczyny dosz\u0142o do prawie 6100 wypadk\u00f3w, w kt\u00f3rych zgin\u0119\u0142o 745 os\u00f3b, co stanowi jedn\u0105 czwart\u0105 wszystkich ofiar. Drug\u0105 najcz\u0119stsz\u0105 przyczyn\u0105 powa\u017cnych wypadk\u00f3w jest nieust\u0105pienie pierwsze\u0144stwa \u2013 z tej winy dosz\u0142o do 7411 wypadk\u00f3w, w kt\u00f3rych zgin\u0119\u0142o 320 os\u00f3b.<\/span><\/p>\n<p><span style=\"font-family: Times New Roman, serif;\">Mimo tego, policjanci twierdz\u0105, \u017ce kierowcy zwolnili, przynajmniej w mie\u015bcie. W 2018 roku odnotowano ok. 25,2 tys. przypadk\u00f3w utraty uprawnie\u0144 za przekroczenie pr\u0119dko\u015bci o ponad 50 km\/h w terenie zabudowanym, czyli prawie 5,6 tys. mniej ni\u017c rok wcze\u015bniej.<\/span><\/p>\n<p><span style=\"font-family: Times New Roman, serif;\"><b>Wi\u0119cej ofiar w\u015br\u00f3d rowerzyst\u00f3w i motocyklist\u00f3w<\/b><\/span><\/p>\n<p><span style=\"font-family: Times New Roman, serif;\">Zmniejszy\u0142a si\u0119 tak\u017ce liczba ofiar w\u015br\u00f3d pieszych \u2013 w ubieg\u0142ym roku zgin\u0119\u0142o o 90 os\u00f3b mniej ni\u017c dwa lata wcze\u015bniej. Za to wzros\u0142a liczba ofiar w\u015br\u00f3d cyklist\u00f3w i motocyklist\u00f3w. W 2018 roku w zgin\u0119\u0142o 238 motocyklist\u00f3w, to o siedem os\u00f3b wi\u0119cej ni\u017c dwa lata wcze\u015bniej. Wi\u0119cej by\u0142o tak\u017ce rannych \u2013 2459 os\u00f3b (o 428 wi\u0119cej ni\u017c w 2017 r). Niestety, jeszcze wi\u0119cej ofiar przyby\u0142o w\u015br\u00f3d rowerzyst\u00f3w. W ubieg\u0142ym roku zgin\u0119\u0142o 284 cyklist\u00f3w \u2013 o 64 osoby wi\u0119cej ni\u017c rok wcze\u015bniej. W tym samym okresie liczba rannych wzros\u0142a a\u017c o 400 os\u00f3b do poziomu 4 200 ofiar<\/span><\/p>\n<p><span style=\"font-family: Times New Roman, serif;\">(oprac. p.s-b.)<\/span><\/p>\n<p>&nbsp;<\/p>\n","protected":false},"excerpt":{"rendered":"<p>&nbsp; Patrz\u0105c na policyjne statystyki mamy kilka powod\u00f3w do rado\u015bci. W ubieg\u0142ym roku by\u0142o mniej wypadk\u00f3w, mniej pijanych kierowc\u00f3w i ofiar przez nich spowodowanych.<\/p>\n","protected":false},"author":3,"featured_media":0,"comment_status":"open","ping_status":"closed","sticky":false,"template":"","format":"standard","meta":{"_monsterinsights_skip_tracking":false,"_monsterinsights_sitenote_active":false,"_monsterinsights_sitenote_note":"","_monsterinsights_sitenote_category":0,"_uf_show_specific_survey":0,"_uf_disable_surveys":false,"footnotes":""},"categories":[18,4,2,13],"tags":[],"class_list":["post-1600","post","type-post","status-publish","format-standard","hentry","category-motoryzacja","category-region","category-wiadomosci","category-wydarzenia"],"_links":{"self":[{"href":"https:\/\/gazetaregionalna.com\/index.php?rest_route=\/wp\/v2\/posts\/1600","targetHints":{"allow":["GET"]}}],"collection":[{"href":"https:\/\/gazetaregionalna.com\/index.php?rest_route=\/wp\/v2\/posts"}],"about":[{"href":"https:\/\/gazetaregionalna.com\/index.php?rest_route=\/wp\/v2\/types\/post"}],"author":[{"embeddable":true,"href":"https:\/\/gazetaregionalna.com\/index.php?rest_route=\/wp\/v2\/users\/3"}],"replies":[{"embeddable":true,"href":"https:\/\/gazetaregionalna.com\/index.php?rest_route=%2Fwp%2Fv2%2Fcomments&post=1600"}],"version-history":[{"count":1,"href":"https:\/\/gazetaregionalna.com\/index.php?rest_route=\/wp\/v2\/posts\/1600\/revisions"}],"predecessor-version":[{"id":1601,"href":"https:\/\/gazetaregionalna.com\/index.php?rest_route=\/wp\/v2\/posts\/1600\/revisions\/1601"}],"wp:attachment":[{"href":"https:\/\/gazetaregionalna.com\/index.php?rest_route=%2Fwp%2Fv2%2Fmedia&parent=1600"}],"wp:term":[{"taxonomy":"category","embeddable":true,"href":"https:\/\/gazetaregionalna.com\/index.php?rest_route=%2Fwp%2Fv2%2Fcategories&post=1600"},{"taxonomy":"post_tag","embeddable":true,"href":"https:\/\/gazetaregionalna.com\/index.php?rest_route=%2Fwp%2Fv2%2Ftags&post=1600"}],"curies":[{"name":"wp","href":"https:\/\/api.w.org\/{rel}","templated":true}]}}