{"id":15891,"date":"2020-07-09T13:58:11","date_gmt":"2020-07-09T13:58:11","guid":{"rendered":"https:\/\/gazetaregionalna.com\/?p=15891"},"modified":"2020-07-09T13:58:15","modified_gmt":"2020-07-09T13:58:15","slug":"lato-w-muzeum-2020","status":"publish","type":"post","link":"https:\/\/gazetaregionalna.com\/?p=15891","title":{"rendered":"W ramach akcji  \u201eLATO W MUZEUM 2020\u201d w Radomskim muzeum odby\u0142y si\u0119 zaj\u0119cia r\u0119kodzie\u0142a ludowego"},"content":{"rendered":"\n<h2 class=\"wp-block-heading\">  We wtorek 7 lipca br. w radomszcza\u0144skim Muzeum Regionalnym im. Stanis\u0142awa Sankowskiego odby\u0142y si\u0119 zaj\u0119cia z r\u0119kodzie\u0142a ludowego pt.&#8221;Rob\u00f3tkowo\u201d\u00a0dla dzieci i m\u0142odzie\u017cy. Zaj\u0119cia te rozpocz\u0119\u0142y cykl wakacyjnych warsztat\u00f3w w ramach akcji \u201eLato w muzeum 2020\u201d. <\/h2>\n\n\n\n<p>  Zaj\u0119cia poprowadzi\u0142a Pani El\u017cbieta Chrapek \u2013 tw\u00f3rczyni ludowa, kt\u00f3ra uczy\u0142a dzieciaki ludowej techniki szyde\u0142kowania i makramy (sztuki wi\u0105zania sznurk\u00f3w bez u\u017cycia ig\u0142y, drutu czy szyde\u0142ka). <\/p>\n\n\n\n<p> Ze wzgl\u0119du na \u0142atwo\u015b\u0107 wykonania element\u00f3w ch\u0142opcom w szczeg\u00f3lno\u015bci go gustu przypad\u0142a technika makramy, kt\u00f3r\u0105 wykonali breloczki do kluczy. Dziewczynki natomiast polubi\u0142y szyde\u0142kowanie. Za pomoc\u0105 szyde\u0142ek wykona\u0142y pi\u0119kne bransoletki i wisiorki. Dzi\u0119ki tym zaj\u0119ciom dzieci zosta\u0142y wprowadzone w \u015bwiat kultury, tradycji i sztuki. <\/p>\n\n\n\n<p>[post_gallery]<\/p>\n\n\n\n<p>(\u0179r\u00f3d\u0142o: UM Radomsko)<\/p>\n","protected":false},"excerpt":{"rendered":"<p>We wtorek 7 lipca br. w radomszcza\u0144skim Muzeum Regionalnym im. Stanis\u0142awa Sankowskiego odby\u0142y si\u0119 zaj\u0119cia z r\u0119kodzie\u0142a ludowego pt.&#8221;Rob\u00f3tkowo\u201d\u00a0dla dzieci i m\u0142odzie\u017cy. Zaj\u0119cia te<\/p>\n","protected":false},"author":12,"featured_media":15902,"comment_status":"open","ping_status":"open","sticky":false,"template":"","format":"standard","meta":{"_monsterinsights_skip_tracking":false,"_monsterinsights_sitenote_active":false,"_monsterinsights_sitenote_note":"","_monsterinsights_sitenote_category":0,"_uf_show_specific_survey":0,"_uf_disable_surveys":false,"footnotes":""},"categories":[41,15,94,28],"tags":[],"class_list":["post-15891","post","type-post","status-publish","format-standard","has-post-thumbnail","hentry","category-edukacja","category-dla-dzieci","category-polecane","category-radomsko"],"_links":{"self":[{"href":"https:\/\/gazetaregionalna.com\/index.php?rest_route=\/wp\/v2\/posts\/15891","targetHints":{"allow":["GET"]}}],"collection":[{"href":"https:\/\/gazetaregionalna.com\/index.php?rest_route=\/wp\/v2\/posts"}],"about":[{"href":"https:\/\/gazetaregionalna.com\/index.php?rest_route=\/wp\/v2\/types\/post"}],"author":[{"embeddable":true,"href":"https:\/\/gazetaregionalna.com\/index.php?rest_route=\/wp\/v2\/users\/12"}],"replies":[{"embeddable":true,"href":"https:\/\/gazetaregionalna.com\/index.php?rest_route=%2Fwp%2Fv2%2Fcomments&post=15891"}],"version-history":[{"count":3,"href":"https:\/\/gazetaregionalna.com\/index.php?rest_route=\/wp\/v2\/posts\/15891\/revisions"}],"predecessor-version":[{"id":15910,"href":"https:\/\/gazetaregionalna.com\/index.php?rest_route=\/wp\/v2\/posts\/15891\/revisions\/15910"}],"wp:featuredmedia":[{"embeddable":true,"href":"https:\/\/gazetaregionalna.com\/index.php?rest_route=\/wp\/v2\/media\/15902"}],"wp:attachment":[{"href":"https:\/\/gazetaregionalna.com\/index.php?rest_route=%2Fwp%2Fv2%2Fmedia&parent=15891"}],"wp:term":[{"taxonomy":"category","embeddable":true,"href":"https:\/\/gazetaregionalna.com\/index.php?rest_route=%2Fwp%2Fv2%2Fcategories&post=15891"},{"taxonomy":"post_tag","embeddable":true,"href":"https:\/\/gazetaregionalna.com\/index.php?rest_route=%2Fwp%2Fv2%2Ftags&post=15891"}],"curies":[{"name":"wp","href":"https:\/\/api.w.org\/{rel}","templated":true}]}}