{"id":15433,"date":"2020-07-04T08:27:00","date_gmt":"2020-07-04T08:27:00","guid":{"rendered":"https:\/\/gazetaregionalna.com\/?p=15433"},"modified":"2020-07-04T08:27:02","modified_gmt":"2020-07-04T08:27:02","slug":"zakaz-kapieli","status":"publish","type":"post","link":"https:\/\/gazetaregionalna.com\/?p=15433","title":{"rendered":"Uwaga Lubliniec! Zakaz k\u0105pieli na basenie O\u015brodka &#8222;KOKOTEK&#8221;!"},"content":{"rendered":"\n<h2 class=\"wp-block-heading\">O\u015brodek Szkoleniowo-Wypoczynkowy \u201eKOKOTEK\u201d Hufca ZHP Lubliniec przypomina o zakazie wst\u0119pu i k\u0105pieli na basenie.<\/h2>\n\n\n\n<p>Harcerski Basen na terenie O\u015brodka na chwile obecn\u0105 jest nieczynny st\u0105d te\u017c ponowny apel by mieszka\u0144cy i przejezdni uszanowali bezwzgl\u0119dny zakaz wst\u0119pu i k\u0105pieli. <\/p>\n\n\n\n<p>(\u0179r\u00f3d\u0142o: <a href=\"https:\/\/www.facebook.com\/kokotekosw\" class=\"rank-math-link\" target=\"_blank\" rel=\"noopener\">O\u015brodek KOKOTKI<\/a>)<\/p>\n","protected":false},"excerpt":{"rendered":"<p>O\u015brodek Szkoleniowo-Wypoczynkowy \u201eKOKOTEK\u201d Hufca ZHP Lubliniec przypomina o zakazie wst\u0119pu i k\u0105pieli na basenie. Harcerski Basen na terenie O\u015brodka na chwile obecn\u0105 jest nieczynny<\/p>\n","protected":false},"author":12,"featured_media":15435,"comment_status":"open","ping_status":"open","sticky":false,"template":"","format":"standard","meta":{"_monsterinsights_skip_tracking":false,"_monsterinsights_sitenote_active":false,"_monsterinsights_sitenote_note":"","_monsterinsights_sitenote_category":0,"_uf_show_specific_survey":0,"_uf_disable_surveys":false,"footnotes":""},"categories":[12,25,94,30],"tags":[],"class_list":["post-15433","post","type-post","status-publish","format-standard","has-post-thumbnail","hentry","category-kultura-i-rozrywka","category-lubliniec","category-polecane","category-wypoczynek"],"_links":{"self":[{"href":"https:\/\/gazetaregionalna.com\/index.php?rest_route=\/wp\/v2\/posts\/15433","targetHints":{"allow":["GET"]}}],"collection":[{"href":"https:\/\/gazetaregionalna.com\/index.php?rest_route=\/wp\/v2\/posts"}],"about":[{"href":"https:\/\/gazetaregionalna.com\/index.php?rest_route=\/wp\/v2\/types\/post"}],"author":[{"embeddable":true,"href":"https:\/\/gazetaregionalna.com\/index.php?rest_route=\/wp\/v2\/users\/12"}],"replies":[{"embeddable":true,"href":"https:\/\/gazetaregionalna.com\/index.php?rest_route=%2Fwp%2Fv2%2Fcomments&post=15433"}],"version-history":[{"count":2,"href":"https:\/\/gazetaregionalna.com\/index.php?rest_route=\/wp\/v2\/posts\/15433\/revisions"}],"predecessor-version":[{"id":15436,"href":"https:\/\/gazetaregionalna.com\/index.php?rest_route=\/wp\/v2\/posts\/15433\/revisions\/15436"}],"wp:featuredmedia":[{"embeddable":true,"href":"https:\/\/gazetaregionalna.com\/index.php?rest_route=\/wp\/v2\/media\/15435"}],"wp:attachment":[{"href":"https:\/\/gazetaregionalna.com\/index.php?rest_route=%2Fwp%2Fv2%2Fmedia&parent=15433"}],"wp:term":[{"taxonomy":"category","embeddable":true,"href":"https:\/\/gazetaregionalna.com\/index.php?rest_route=%2Fwp%2Fv2%2Fcategories&post=15433"},{"taxonomy":"post_tag","embeddable":true,"href":"https:\/\/gazetaregionalna.com\/index.php?rest_route=%2Fwp%2Fv2%2Ftags&post=15433"}],"curies":[{"name":"wp","href":"https:\/\/api.w.org\/{rel}","templated":true}]}}