{"id":15426,"date":"2020-07-04T07:47:15","date_gmt":"2020-07-04T07:47:15","guid":{"rendered":"https:\/\/gazetaregionalna.com\/?p=15426"},"modified":"2020-07-04T08:16:18","modified_gmt":"2020-07-04T08:16:18","slug":"swiatowy-dzien","status":"publish","type":"post","link":"https:\/\/gazetaregionalna.com\/?p=15426","title":{"rendered":"\u015awiatowy Dzie\u0144 Wypad\u00f3w do Parku!"},"content":{"rendered":"\n<h2 class=\"wp-block-heading\">Dzi\u015b \u015awiatowy Dzie\u0144 Wypad\u00f3w do Parku. \u015awi\u0119to dedykowane jest \u201emieszczuchom\u201d.<\/h2>\n\n\n\n<p>  Jest to nowe, nietypowe i ma\u0142o znane \u015bwi\u0119to, kt\u00f3re przypada w pierwsz\u0105 sobot\u0119 lipca. W tym roku wypada 4 lipca. Ma ono zach\u0119ci\u0107 mieszka\u0144c\u00f3w miast (z pomini\u0119ciem tych oczywi\u015bcie, co aktywnie sp\u0119dzaj\u0105 czas na \u015bwie\u017cym powietrzu) do sp\u0119dzenia lipcowego weekendu na \u0142onie natury, najlepiej w parku na s\u0142oneczku, w\u015br\u00f3d zieleni i \u015bpiewu ptak\u00f3w.<\/p>\n\n\n\n<p>W dzisiejszych czasach parki maj\u0105 nam wiele do zaoferowania, jak np. place zabaw, si\u0142ownie plenerowe, stawy. A co najlepsze mo\u017cna z tych dobrodziejstw korzysta\u0107 ca\u0142kowicie za darmo. Wystarczy tylko troch\u0119 ch\u0119ci, czasu i ju\u017c mo\u017cna odpoczywa\u0107 na \u0142aweczce, na kocu czy spaceruj\u0105c albo je\u017cd\u017c\u0105c na rowerze lub innym sprz\u0119cie je\u017cd\u017c\u0105cym. <\/p>\n\n\n\n<p>Jest pogoda? To korzystajmy i \u0142adujmy swoj\u0105 \u017cyciow\u0105 bateri\u0119! <\/p>\n\n\n\n<p>(MK)<\/p>\n","protected":false},"excerpt":{"rendered":"<p>Dzi\u015b \u015awiatowy Dzie\u0144 Wypad\u00f3w do Parku. \u015awi\u0119to dedykowane jest \u201emieszczuchom\u201d. Jest to nowe, nietypowe i ma\u0142o znane \u015bwi\u0119to, kt\u00f3re przypada w pierwsz\u0105 sobot\u0119 lipca.<\/p>\n","protected":false},"author":12,"featured_media":15429,"comment_status":"open","ping_status":"open","sticky":false,"template":"","format":"standard","meta":{"_monsterinsights_skip_tracking":false,"_monsterinsights_sitenote_active":false,"_monsterinsights_sitenote_note":"","_monsterinsights_sitenote_category":0,"_uf_show_specific_survey":0,"_uf_disable_surveys":false,"footnotes":""},"categories":[94,3,27,25,26,28,4,30],"tags":[],"class_list":["post-15426","post","type-post","status-publish","format-standard","has-post-thumbnail","hentry","category-polecane","category-czestochowa-informacje","category-klobuck-informacje","category-lubliniec","category-myszkow","category-radomsko","category-region","category-wypoczynek"],"_links":{"self":[{"href":"https:\/\/gazetaregionalna.com\/index.php?rest_route=\/wp\/v2\/posts\/15426","targetHints":{"allow":["GET"]}}],"collection":[{"href":"https:\/\/gazetaregionalna.com\/index.php?rest_route=\/wp\/v2\/posts"}],"about":[{"href":"https:\/\/gazetaregionalna.com\/index.php?rest_route=\/wp\/v2\/types\/post"}],"author":[{"embeddable":true,"href":"https:\/\/gazetaregionalna.com\/index.php?rest_route=\/wp\/v2\/users\/12"}],"replies":[{"embeddable":true,"href":"https:\/\/gazetaregionalna.com\/index.php?rest_route=%2Fwp%2Fv2%2Fcomments&post=15426"}],"version-history":[{"count":5,"href":"https:\/\/gazetaregionalna.com\/index.php?rest_route=\/wp\/v2\/posts\/15426\/revisions"}],"predecessor-version":[{"id":15432,"href":"https:\/\/gazetaregionalna.com\/index.php?rest_route=\/wp\/v2\/posts\/15426\/revisions\/15432"}],"wp:featuredmedia":[{"embeddable":true,"href":"https:\/\/gazetaregionalna.com\/index.php?rest_route=\/wp\/v2\/media\/15429"}],"wp:attachment":[{"href":"https:\/\/gazetaregionalna.com\/index.php?rest_route=%2Fwp%2Fv2%2Fmedia&parent=15426"}],"wp:term":[{"taxonomy":"category","embeddable":true,"href":"https:\/\/gazetaregionalna.com\/index.php?rest_route=%2Fwp%2Fv2%2Fcategories&post=15426"},{"taxonomy":"post_tag","embeddable":true,"href":"https:\/\/gazetaregionalna.com\/index.php?rest_route=%2Fwp%2Fv2%2Ftags&post=15426"}],"curies":[{"name":"wp","href":"https:\/\/api.w.org\/{rel}","templated":true}]}}