{"id":15370,"date":"2020-07-04T01:26:00","date_gmt":"2020-07-04T01:26:00","guid":{"rendered":"https:\/\/gazetaregionalna.com\/?p=15370"},"modified":"2020-07-04T06:11:39","modified_gmt":"2020-07-04T06:11:39","slug":"jak-zadbac-o-klimatyzacje-w-aucie","status":"publish","type":"post","link":"https:\/\/gazetaregionalna.com\/?p=15370","title":{"rendered":"Zadbaj o dobry klimat w samochodzie"},"content":{"rendered":"\n<h2 class=\"wp-block-heading\">Zadbaj o dobry klimat w samochodzie<\/h2>\n\n\n\n<p><br> Kiedy\u015b by\u0142a luksusem, na kt\u00f3ry mogli sobie pozwoli\u0107 tylko nieliczni, dzisiaj jest obecna niemal we wszystkich samochodach. Klimatyzacja w samochodzie \u2014 jak o ni\u0105 dba\u0107?<\/p>\n\n\n\n<figure class=\"wp-block-image size-large\"><img decoding=\"async\" width=\"1024\" height=\"576\" data-src=\"https:\/\/gazetaregionalna.com\/wp-content\/uploads\/2020\/07\/anoda2-1024x576.jpg\" alt=\"\" class=\"wp-image-15374 lazyload\" data-srcset=\"https:\/\/gazetaregionalna.com\/wp-content\/uploads\/2020\/07\/anoda2-1024x576.jpg 1024w, https:\/\/gazetaregionalna.com\/wp-content\/uploads\/2020\/07\/anoda2-300x169.jpg 300w, https:\/\/gazetaregionalna.com\/wp-content\/uploads\/2020\/07\/anoda2-768x432.jpg 768w, https:\/\/gazetaregionalna.com\/wp-content\/uploads\/2020\/07\/anoda2-1536x864.jpg 1536w, https:\/\/gazetaregionalna.com\/wp-content\/uploads\/2020\/07\/anoda2-696x392.jpg 696w, https:\/\/gazetaregionalna.com\/wp-content\/uploads\/2020\/07\/anoda2-1068x601.jpg 1068w, https:\/\/gazetaregionalna.com\/wp-content\/uploads\/2020\/07\/anoda2-747x420.jpg 747w, https:\/\/gazetaregionalna.com\/wp-content\/uploads\/2020\/07\/anoda2.jpg 1200w\" data-sizes=\"(max-width: 1024px) 100vw, 1024px\" src=\"data:image\/svg+xml;base64,PHN2ZyB3aWR0aD0iMSIgaGVpZ2h0PSIxIiB4bWxucz0iaHR0cDovL3d3dy53My5vcmcvMjAwMC9zdmciPjwvc3ZnPg==\" style=\"--smush-placeholder-width: 1024px; --smush-placeholder-aspect-ratio: 1024\/576;\" \/><\/figure>\n\n\n\n<p><em><br> \u2014 Jak ze wszystkimi podzespo\u0142ami samochodu, nale\u017cy j\u0105 regularnie kontrolowa\u0107 i czy\u015bci\u0107<\/em> \u2014 wyja\u015bnia Tomasz Kotasi\u0144ski z firmy Anoda, kt\u00f3ra od kilkudziesi\u0119ciu lat dba o stan techniczny samochod\u00f3w cz\u0119stochowian.   \u2014  <em>Je\u017celi odpowiednio o ni\u0105 nie dbamy, lepiej jej nie u\u017cywa\u0107. Nieserwisowana klimatyzacja jest bowiem bardzo szkodliwa dla naszego uk\u0142adu oddechowego. <\/em><\/p>\n\n\n\n<p><br> Klimatyzacja jest niezwykle przydatna latem, gdy w du\u017ce upa\u0142y jazda rozgrzanym samochodem jest nie do wytrzymania. Mo\u017ce by\u0107 tak\u017ce pomocna zim\u0105, gdy\u017c zapobiega zaparowaniu szyb w aucie.<\/p>\n\n\n\n<figure class=\"wp-block-image size-large\"><img decoding=\"async\" width=\"1024\" height=\"576\" data-src=\"https:\/\/gazetaregionalna.com\/wp-content\/uploads\/2020\/07\/anoda5-1024x576.jpg\" alt=\"\" class=\"wp-image-15376 lazyload\" data-srcset=\"https:\/\/gazetaregionalna.com\/wp-content\/uploads\/2020\/07\/anoda5-1024x576.jpg 1024w, https:\/\/gazetaregionalna.com\/wp-content\/uploads\/2020\/07\/anoda5-300x169.jpg 300w, https:\/\/gazetaregionalna.com\/wp-content\/uploads\/2020\/07\/anoda5-768x432.jpg 768w, https:\/\/gazetaregionalna.com\/wp-content\/uploads\/2020\/07\/anoda5-1536x864.jpg 1536w, https:\/\/gazetaregionalna.com\/wp-content\/uploads\/2020\/07\/anoda5-696x392.jpg 696w, https:\/\/gazetaregionalna.com\/wp-content\/uploads\/2020\/07\/anoda5-1068x601.jpg 1068w, https:\/\/gazetaregionalna.com\/wp-content\/uploads\/2020\/07\/anoda5-747x420.jpg 747w, https:\/\/gazetaregionalna.com\/wp-content\/uploads\/2020\/07\/anoda5.jpg 1200w\" data-sizes=\"(max-width: 1024px) 100vw, 1024px\" src=\"data:image\/svg+xml;base64,PHN2ZyB3aWR0aD0iMSIgaGVpZ2h0PSIxIiB4bWxucz0iaHR0cDovL3d3dy53My5vcmcvMjAwMC9zdmciPjwvc3ZnPg==\" style=\"--smush-placeholder-width: 1024px; --smush-placeholder-aspect-ratio: 1024\/576;\" \/><\/figure>\n\n\n\n<p><em><br> \u2014 Wi\u0119kszo\u015b\u0107 ludzi u\u017cywa klimatyzacji wy\u0142\u0105cznie latem, a to b\u0142\u0105d <\/em>\u2014 wyja\u015bnia Tomasz Kotasi\u0144ski. \u2014 <em>Dla zachowania tego mechanizmu w dobrym stanie technicznym wskazane jest uruchamiania klimatyzacji ka\u017cdego dnia, co najmniej na 15 minut. Sercem uk\u0142adu ch\u0142odzenia w aucie jest spr\u0119\u017carka. Aby dobrze pracowa\u0142a, musi by\u0107 systematycznie oliwiona. W\u0142\u0105czenie klimatyzacji powoduje rozprowadzenie oleju po ca\u0142ym uk\u0142adzie, co znacznie przed\u0142u\u017ca jego \u017cywotno\u015b\u0107 .<\/em><\/p>\n\n\n\n<p><br> Firma Anoda specjalizuje si\u0119 w naprawach klimatyzacji samochodowej. W zak\u0142adzie mo\u017cna tak\u017ce podda\u0107 uk\u0142ad ch\u0142odzenia konserwacji, a tak\u017ce wyczy\u015bci\u0107. Do oczyszczania i odgrzybiania klimatyzacji firma stosuje ozon.<\/p>\n\n\n\n<p><em><br> \u2014Takiemu kompleksowemu zabiegowi nale\u017cy poddawa\u0107 klimatyzacj\u0119 co najmniej raz w roku<\/em> \u2014 radzi w\u0142a\u015bciciel Anody. \u2014<em> Je\u017celi kto\u015b jest alergikiem, powinien to robi\u0107 dwa razy cz\u0119\u015bciej. Zawsze nale\u017cy pami\u0119ta\u0107, \u017ce przy czyszczeniu klimatyzacji konieczna jest wymiana filtr\u00f3w. Ludzie nie zdaj\u0105 sobie sprawy, ile brudu zbiera si\u0119 na nich. Je\u017celi nie wymienimy filtra, to tak, jakby\u015bmy porz\u0105dnie posprz\u0105tali mieszkanie, a potem na \u015brodku salonu roz\u0142o\u017cyli brudny, zakurzony, pe\u0142en roztoczy dywan. To nie ma sensu. Je\u015bli kto\u015b uwa\u017ca, \u017ce troch\u0119 zaoszcz\u0119dzi, rezygnuj\u0105c z tej us\u0142ugi, niech si\u0119 dobrze zastanowi, bo zdrowie nie ma ceny.<\/em><\/p>\n\n\n\n<figure class=\"wp-block-image size-large\"><img decoding=\"async\" width=\"576\" height=\"1024\" data-src=\"https:\/\/gazetaregionalna.com\/wp-content\/uploads\/2020\/07\/anoda4-576x1024.jpg\" alt=\"\" class=\"wp-image-15377 lazyload\" data-srcset=\"https:\/\/gazetaregionalna.com\/wp-content\/uploads\/2020\/07\/anoda4-576x1024.jpg 576w, https:\/\/gazetaregionalna.com\/wp-content\/uploads\/2020\/07\/anoda4-169x300.jpg 169w, https:\/\/gazetaregionalna.com\/wp-content\/uploads\/2020\/07\/anoda4-768x1365.jpg 768w, https:\/\/gazetaregionalna.com\/wp-content\/uploads\/2020\/07\/anoda4-864x1536.jpg 864w, https:\/\/gazetaregionalna.com\/wp-content\/uploads\/2020\/07\/anoda4-696x1237.jpg 696w, https:\/\/gazetaregionalna.com\/wp-content\/uploads\/2020\/07\/anoda4-1068x1899.jpg 1068w, https:\/\/gazetaregionalna.com\/wp-content\/uploads\/2020\/07\/anoda4-236x420.jpg 236w, https:\/\/gazetaregionalna.com\/wp-content\/uploads\/2020\/07\/anoda4.jpg 900w\" data-sizes=\"(max-width: 576px) 100vw, 576px\" src=\"data:image\/svg+xml;base64,PHN2ZyB3aWR0aD0iMSIgaGVpZ2h0PSIxIiB4bWxucz0iaHR0cDovL3d3dy53My5vcmcvMjAwMC9zdmciPjwvc3ZnPg==\" style=\"--smush-placeholder-width: 576px; --smush-placeholder-aspect-ratio: 576\/1024;\" \/><\/figure>\n\n\n\n<p><br> Firma Anoda dysponuje wykwalifikowanymi pracownikami, a na klient\u00f3w chc\u0105cych naprawi\u0107 i wyczy\u015bci\u0107 klimatyzacj\u0119 czekaj\u0105 dwa w pe\u0142ni wyposa\u017cone stanowiska. Jak m\u00f3wi w\u0142a\u015bciciel warsztatu, obecnie, gdy zacz\u0119\u0142y si\u0119 wakacje, ruch znacznie si\u0119 zwi\u0119kszy\u0142, wi\u0119c warto wcze\u015bniej zadzwoni\u0107 do firmy i um\u00f3wi\u0107 si\u0119 na wykonanie us\u0142ugi.<\/p>\n\n\n\n<p><br> \u2014 <em>Dzia\u0142amy sprawnie, wi\u0119c na coroczny serwis klimatyzacji umawiamy klient\u00f3w najdalej nast\u0119pnego dnia od ich telefonu<\/em> \u2014 informuje Tomasz Kotasi\u0144ski. \u2014<em>Kompleksowa us\u0142uga trwa oko\u0142o p\u00f3\u0142torej godziny. Klient mo\u017ce u nas poczeka\u0107 na zako\u0144czenie zabieg\u00f3w, ale tak\u017ce zostawi\u0107 auto i um\u00f3wi\u0107 si\u0119 na jego odbi\u00f3r o dowolnej godzinie.<\/em><\/p>\n\n\n\n<p><strong>Firma Anoda, Cz\u0119stochowa, <br> Ogrodowa 61, Serwis Klimatyzacji Cz\u0119stochowa, ul. Stawowa 8. <br> Tel. 34 324 06 09.<\/strong><\/p>\n","protected":false},"excerpt":{"rendered":"<p>Zadbaj o dobry klimat w samochodzie Kiedy\u015b by\u0142a luksusem, na kt\u00f3ry mogli sobie pozwoli\u0107 tylko nieliczni, dzisiaj jest obecna niemal we wszystkich samochodach. Klimatyzacja<\/p>\n","protected":false},"author":7,"featured_media":15378,"comment_status":"open","ping_status":"open","sticky":false,"template":"","format":"standard","meta":{"_monsterinsights_skip_tracking":false,"_monsterinsights_sitenote_active":false,"_monsterinsights_sitenote_note":"","_monsterinsights_sitenote_category":0,"_uf_show_specific_survey":0,"_uf_disable_surveys":false,"footnotes":""},"categories":[94,3,18,2],"tags":[],"class_list":["post-15370","post","type-post","status-publish","format-standard","has-post-thumbnail","hentry","category-polecane","category-czestochowa-informacje","category-motoryzacja","category-wiadomosci"],"_links":{"self":[{"href":"https:\/\/gazetaregionalna.com\/index.php?rest_route=\/wp\/v2\/posts\/15370","targetHints":{"allow":["GET"]}}],"collection":[{"href":"https:\/\/gazetaregionalna.com\/index.php?rest_route=\/wp\/v2\/posts"}],"about":[{"href":"https:\/\/gazetaregionalna.com\/index.php?rest_route=\/wp\/v2\/types\/post"}],"author":[{"embeddable":true,"href":"https:\/\/gazetaregionalna.com\/index.php?rest_route=\/wp\/v2\/users\/7"}],"replies":[{"embeddable":true,"href":"https:\/\/gazetaregionalna.com\/index.php?rest_route=%2Fwp%2Fv2%2Fcomments&post=15370"}],"version-history":[{"count":3,"href":"https:\/\/gazetaregionalna.com\/index.php?rest_route=\/wp\/v2\/posts\/15370\/revisions"}],"predecessor-version":[{"id":15379,"href":"https:\/\/gazetaregionalna.com\/index.php?rest_route=\/wp\/v2\/posts\/15370\/revisions\/15379"}],"wp:featuredmedia":[{"embeddable":true,"href":"https:\/\/gazetaregionalna.com\/index.php?rest_route=\/wp\/v2\/media\/15378"}],"wp:attachment":[{"href":"https:\/\/gazetaregionalna.com\/index.php?rest_route=%2Fwp%2Fv2%2Fmedia&parent=15370"}],"wp:term":[{"taxonomy":"category","embeddable":true,"href":"https:\/\/gazetaregionalna.com\/index.php?rest_route=%2Fwp%2Fv2%2Fcategories&post=15370"},{"taxonomy":"post_tag","embeddable":true,"href":"https:\/\/gazetaregionalna.com\/index.php?rest_route=%2Fwp%2Fv2%2Ftags&post=15370"}],"curies":[{"name":"wp","href":"https:\/\/api.w.org\/{rel}","templated":true}]}}