{"id":1527,"date":"2019-01-13T16:05:52","date_gmt":"2019-01-13T16:05:52","guid":{"rendered":"http:\/\/gazetaregionalna.com\/?p=1527"},"modified":"2019-01-13T16:05:52","modified_gmt":"2019-01-13T16:05:52","slug":"nowe-kamery-monitorujace-na-wrzosowiaku","status":"publish","type":"post","link":"https:\/\/gazetaregionalna.com\/?p=1527","title":{"rendered":"Nowe kamery monitoruj\u0105ce na Wrzosowiaku"},"content":{"rendered":"<p>&nbsp;<\/p>\n<p><span style=\"font-family: Times New Roman, serif;\">System miejskiego monitoringu wizyjnego wzbogaci\u0142 si\u0119 o 4 nowe kamery. Tym razem w rejonie ul. Orkana w dzielnicy Wrzosowiak.<\/span><\/p>\n<p><span style=\"font-family: Times New Roman, serif;\">Dozorem nowych kamer obj\u0119ty zosta\u0142 przede wszystkim teren przystank\u00f3w i przej\u015bcia dla pieszych na wysoko\u015bci Szko\u0142y Podstawowej nr 53. Punkty obejmuj\u0105 te\u017c teren przy skrzy\u017cowaniach z ul. Jagiello\u0144sk\u0105 i 11 Listopada, a tak\u017ce stacj\u0119 rower\u00f3w miejskich. Nowoczesne kamery (wyposa\u017cone w do\u015bwietlacze podczerwieni) b\u0119d\u0105 pracowa\u0107 ca\u0142odobowo. Planuj\u0105c system uwzgl\u0119dniono bezpiecze\u0144stwo uczestnik\u00f3w ruchu drogowego i u\u017cytkownik\u00f3w infrastruktury komunikacyjnej w rejonie ul. Orkana.<\/span><\/p>\n<p><span style=\"font-family: Times New Roman, serif;\">&#8211; Miejski monitoring to nie tylko mo\u017cliwo\u015b\u0107 szybkiej reakcji w sytuacji zagro\u017cenia, ale te\u017c wi\u0119ksze poczucie bezpiecze\u0144stwa. Dlatego staramy si\u0119 reagowa\u0107 na wnioski mieszka\u0144c\u00f3w i sukcesywnie rozbudowywa\u0107 system monitoringu w tych rejonach miasta, gdzie jest to szczeg\u00f3lnie uzasadnione i technicznie mo\u017cliwe \u2013 m\u00f3wi prezydent Cz\u0119stochowy Krzysztof Matyjaszczyk.<\/span><\/p>\n<p><span style=\"font-family: Times New Roman, serif;\">Cz\u0119stochowski system liczy ju\u017c 85 kamer. Dzia\u0142aj\u0105ce ca\u0142odobowo centrum miejskiego monitoringu zlokalizowane jest w siedzibie cz\u0119stochowskiej Stra\u017cy Miejskiej przy ul. Krakowskiej. Ka\u017cdego roku jego pracownicy ujawniaj\u0105 ponad 2 tys. zdarze\u0144 wymagaj\u0105cych interwencji s\u0142u\u017cb mundurowych czy pogotowia ratunkowego. W 2017 takich zdarze\u0144 by\u0142o 2385, z czego 1951 zako\u0144czy\u0142o si\u0119 interwencj\u0105 samych stra\u017cnik\u00f3w miejskich. W ubieg\u0142ym roku liczba ta by\u0142a podobna.<\/span><\/p>\n","protected":false},"excerpt":{"rendered":"<p>&nbsp; System miejskiego monitoringu wizyjnego wzbogaci\u0142 si\u0119 o 4 nowe kamery. Tym razem w rejonie ul. Orkana w dzielnicy Wrzosowiak. Dozorem nowych kamer obj\u0119ty<\/p>\n","protected":false},"author":3,"featured_media":0,"comment_status":"open","ping_status":"closed","sticky":false,"template":"","format":"standard","meta":{"_monsterinsights_skip_tracking":false,"_monsterinsights_sitenote_active":false,"_monsterinsights_sitenote_note":"","_monsterinsights_sitenote_category":0,"_uf_show_specific_survey":0,"_uf_disable_surveys":false,"footnotes":""},"categories":[3,33,2],"tags":[],"class_list":["post-1527","post","type-post","status-publish","format-standard","hentry","category-czestochowa-informacje","category-inwestycje","category-wiadomosci"],"_links":{"self":[{"href":"https:\/\/gazetaregionalna.com\/index.php?rest_route=\/wp\/v2\/posts\/1527","targetHints":{"allow":["GET"]}}],"collection":[{"href":"https:\/\/gazetaregionalna.com\/index.php?rest_route=\/wp\/v2\/posts"}],"about":[{"href":"https:\/\/gazetaregionalna.com\/index.php?rest_route=\/wp\/v2\/types\/post"}],"author":[{"embeddable":true,"href":"https:\/\/gazetaregionalna.com\/index.php?rest_route=\/wp\/v2\/users\/3"}],"replies":[{"embeddable":true,"href":"https:\/\/gazetaregionalna.com\/index.php?rest_route=%2Fwp%2Fv2%2Fcomments&post=1527"}],"version-history":[{"count":1,"href":"https:\/\/gazetaregionalna.com\/index.php?rest_route=\/wp\/v2\/posts\/1527\/revisions"}],"predecessor-version":[{"id":1529,"href":"https:\/\/gazetaregionalna.com\/index.php?rest_route=\/wp\/v2\/posts\/1527\/revisions\/1529"}],"wp:attachment":[{"href":"https:\/\/gazetaregionalna.com\/index.php?rest_route=%2Fwp%2Fv2%2Fmedia&parent=1527"}],"wp:term":[{"taxonomy":"category","embeddable":true,"href":"https:\/\/gazetaregionalna.com\/index.php?rest_route=%2Fwp%2Fv2%2Fcategories&post=1527"},{"taxonomy":"post_tag","embeddable":true,"href":"https:\/\/gazetaregionalna.com\/index.php?rest_route=%2Fwp%2Fv2%2Ftags&post=1527"}],"curies":[{"name":"wp","href":"https:\/\/api.w.org\/{rel}","templated":true}]}}