{"id":15253,"date":"2020-07-01T12:19:47","date_gmt":"2020-07-01T12:19:47","guid":{"rendered":"https:\/\/gazetaregionalna.com\/?p=15253"},"modified":"2020-07-01T13:55:04","modified_gmt":"2020-07-01T13:55:04","slug":"rafal-trzaskowski-w-czestochowie","status":"publish","type":"post","link":"https:\/\/gazetaregionalna.com\/?p=15253","title":{"rendered":"Rafa\u0142 Trzaskowski w Cz\u0119stochowie"},"content":{"rendered":"\n<h2 class=\"wp-block-heading\"> <br>  Rafa\u0142 Trzaskowski w Cz\u0119stochowie.<\/h2>\n\n\n\n<p>W najbli\u017csz\u0105 sobot\u0119, 4 lipca Cz\u0119stochow\u0119 odwiedzi kandydat na Prezydenta RP Rafa\u0142 Trzaskowski.  <\/p>\n\n\n\n<p>O godzinie 17 spotka si\u0119 on na Placu Biega\u0144skiego w mieszka\u0144cami Cz\u0119stochowy.<br> Sztab wyborczy Rafa\u0142a Trzaskowskiego nie wyklucza  r\u00f3wnie\u017c wizyty kandydata w s\u0105siednich powiatach. Szczeg\u00f3\u0142y podamy niebawem. <\/p>\n","protected":false},"excerpt":{"rendered":"<p>Rafa\u0142 Trzaskowski w Cz\u0119stochowie. W najbli\u017csz\u0105 sobot\u0119, 4 lipca Cz\u0119stochow\u0119 odwiedzi kandydat na Prezydenta RP Rafa\u0142 Trzaskowski. O godzinie 17 spotka si\u0119 on na<\/p>\n","protected":false},"author":7,"featured_media":15254,"comment_status":"open","ping_status":"open","sticky":false,"template":"","format":"standard","meta":{"_monsterinsights_skip_tracking":false,"_monsterinsights_sitenote_active":false,"_monsterinsights_sitenote_note":"","_monsterinsights_sitenote_category":0,"_uf_show_specific_survey":0,"_uf_disable_surveys":false,"footnotes":""},"categories":[94,3,2],"tags":[],"class_list":["post-15253","post","type-post","status-publish","format-standard","has-post-thumbnail","hentry","category-polecane","category-czestochowa-informacje","category-wiadomosci"],"_links":{"self":[{"href":"https:\/\/gazetaregionalna.com\/index.php?rest_route=\/wp\/v2\/posts\/15253","targetHints":{"allow":["GET"]}}],"collection":[{"href":"https:\/\/gazetaregionalna.com\/index.php?rest_route=\/wp\/v2\/posts"}],"about":[{"href":"https:\/\/gazetaregionalna.com\/index.php?rest_route=\/wp\/v2\/types\/post"}],"author":[{"embeddable":true,"href":"https:\/\/gazetaregionalna.com\/index.php?rest_route=\/wp\/v2\/users\/7"}],"replies":[{"embeddable":true,"href":"https:\/\/gazetaregionalna.com\/index.php?rest_route=%2Fwp%2Fv2%2Fcomments&post=15253"}],"version-history":[{"count":2,"href":"https:\/\/gazetaregionalna.com\/index.php?rest_route=\/wp\/v2\/posts\/15253\/revisions"}],"predecessor-version":[{"id":15256,"href":"https:\/\/gazetaregionalna.com\/index.php?rest_route=\/wp\/v2\/posts\/15253\/revisions\/15256"}],"wp:featuredmedia":[{"embeddable":true,"href":"https:\/\/gazetaregionalna.com\/index.php?rest_route=\/wp\/v2\/media\/15254"}],"wp:attachment":[{"href":"https:\/\/gazetaregionalna.com\/index.php?rest_route=%2Fwp%2Fv2%2Fmedia&parent=15253"}],"wp:term":[{"taxonomy":"category","embeddable":true,"href":"https:\/\/gazetaregionalna.com\/index.php?rest_route=%2Fwp%2Fv2%2Fcategories&post=15253"},{"taxonomy":"post_tag","embeddable":true,"href":"https:\/\/gazetaregionalna.com\/index.php?rest_route=%2Fwp%2Fv2%2Ftags&post=15253"}],"curies":[{"name":"wp","href":"https:\/\/api.w.org\/{rel}","templated":true}]}}