{"id":15251,"date":"2020-07-01T13:43:51","date_gmt":"2020-07-01T13:43:51","guid":{"rendered":"https:\/\/gazetaregionalna.com\/?p=15251"},"modified":"2020-07-01T13:43:54","modified_gmt":"2020-07-01T13:43:54","slug":"policja-poszukuje-swiadkow","status":"publish","type":"post","link":"https:\/\/gazetaregionalna.com\/?p=15251","title":{"rendered":"Kierowca zgin\u0105\u0142 na miejscu. Policja poszukuje \u015bwiadk\u00f3w \u015bmiertelnego potr\u0105cenia"},"content":{"rendered":"\n<h2 class=\"wp-block-heading\">Cz\u0119stochowska Policja poszukuje \u015bwiadk\u00f3w zdarzenia, kt\u00f3re mia\u0142o miejsce w dniu 29.06.2020 r. na autostradzie A1, na pasie w kierunku \u0141odzi w miejscowo\u015bci Nierada.<\/h2>\n\n\n\n<p>Do \u015bmiertelnego potr\u0105cenia dosz\u0142o oko\u0142o godziny 02:45 na autostradzie A1 w Nieradzie, kiedy to nieznany kierowca najecha\u0142 na pieszego, kt\u00f3ry w tym czasie prawdopodobnie naprawia\u0142 samoch\u00f3d na prawym poboczu drogi. Pieszy zgin\u0105\u0142 na miejscu, a kierowca tu\u017c po zdarzeniu odjecha\u0142 bez udzielenia jakiejkolwiek pomocy.<\/p>\n\n\n\n<p> Wydzia\u0142 Kryminalny Komendy Miejskiej w Cz\u0119stochowie prosi, by ewentualni \u015bwiadkowie zg\u0142osili si\u0119 osobi\u015bcie na ul. Popie\u0142uszki 5 pok\u00f3j nr 117 lub skontaktowali si\u0119 telefonicznie z numerem 47 858 1434. <\/p>\n\n\n\n<p>(\u0179r\u00f3d\u0142o: KMP Cz\u0119stochowa)<\/p>\n","protected":false},"excerpt":{"rendered":"<p>Cz\u0119stochowska Policja poszukuje \u015bwiadk\u00f3w zdarzenia, kt\u00f3re mia\u0142o miejsce w dniu 29.06.2020 r. na autostradzie A1, na pasie w kierunku \u0141odzi w miejscowo\u015bci Nierada. Do<\/p>\n","protected":false},"author":12,"featured_media":0,"comment_status":"open","ping_status":"open","sticky":false,"template":"","format":"standard","meta":{"_monsterinsights_skip_tracking":false,"_monsterinsights_sitenote_active":false,"_monsterinsights_sitenote_note":"","_monsterinsights_sitenote_category":0,"_uf_show_specific_survey":0,"_uf_disable_surveys":false,"footnotes":""},"categories":[44,3,94,4,2],"tags":[103,542,543],"class_list":["post-15251","post","type-post","status-publish","format-standard","hentry","category-bezpieczenstwo","category-czestochowa-informacje","category-polecane","category-region","category-wiadomosci","tag-policja","tag-swiadkowie","tag-wypadek-smiertelny"],"_links":{"self":[{"href":"https:\/\/gazetaregionalna.com\/index.php?rest_route=\/wp\/v2\/posts\/15251","targetHints":{"allow":["GET"]}}],"collection":[{"href":"https:\/\/gazetaregionalna.com\/index.php?rest_route=\/wp\/v2\/posts"}],"about":[{"href":"https:\/\/gazetaregionalna.com\/index.php?rest_route=\/wp\/v2\/types\/post"}],"author":[{"embeddable":true,"href":"https:\/\/gazetaregionalna.com\/index.php?rest_route=\/wp\/v2\/users\/12"}],"replies":[{"embeddable":true,"href":"https:\/\/gazetaregionalna.com\/index.php?rest_route=%2Fwp%2Fv2%2Fcomments&post=15251"}],"version-history":[{"count":3,"href":"https:\/\/gazetaregionalna.com\/index.php?rest_route=\/wp\/v2\/posts\/15251\/revisions"}],"predecessor-version":[{"id":15261,"href":"https:\/\/gazetaregionalna.com\/index.php?rest_route=\/wp\/v2\/posts\/15251\/revisions\/15261"}],"wp:attachment":[{"href":"https:\/\/gazetaregionalna.com\/index.php?rest_route=%2Fwp%2Fv2%2Fmedia&parent=15251"}],"wp:term":[{"taxonomy":"category","embeddable":true,"href":"https:\/\/gazetaregionalna.com\/index.php?rest_route=%2Fwp%2Fv2%2Fcategories&post=15251"},{"taxonomy":"post_tag","embeddable":true,"href":"https:\/\/gazetaregionalna.com\/index.php?rest_route=%2Fwp%2Fv2%2Ftags&post=15251"}],"curies":[{"name":"wp","href":"https:\/\/api.w.org\/{rel}","templated":true}]}}