{"id":15198,"date":"2020-06-30T11:31:49","date_gmt":"2020-06-30T11:31:49","guid":{"rendered":"https:\/\/gazetaregionalna.com\/?p=15198"},"modified":"2020-06-30T11:31:51","modified_gmt":"2020-06-30T11:31:51","slug":"mini-dinopark-na-promenadzie","status":"publish","type":"post","link":"https:\/\/gazetaregionalna.com\/?p=15198","title":{"rendered":"Mini dinopark na Promenadzie"},"content":{"rendered":"\n<h2 class=\"wp-block-heading\">Mini dinopark na Promenadzie.<\/h2>\n\n\n\n<p> Dinozaury na Promenadzie pojawi\u0105 si\u0119 by\u0107 mo\u017ce ju\u017c jesieni\u0105. Miasto szuka w\u0142a\u015bnie wykonawcy ma\u0142ego dinoparku z figurami prehistorycznych gad\u00f3w.<\/p>\n\n\n\n<p> Park rozrywki powsta\u0107 ma we wschodniej cz\u0119\u015bci Promenady \u2013 po po\u0142udniowej stronie g\u0142\u00f3wnego deptaka. Inwestycja to jeden z projekt\u00f3w zakwalifikowanych do realizacji w ramach Bud\u017cetu Obywatelskiego.<\/p>\n\n\n\n<figure class=\"wp-block-image size-large\"><img decoding=\"async\" width=\"1024\" height=\"576\" data-src=\"https:\/\/gazetaregionalna.com\/wp-content\/uploads\/2020\/06\/promenada1-1024x576.jpg\" alt=\"\" class=\"wp-image-15203 lazyload\" data-srcset=\"https:\/\/gazetaregionalna.com\/wp-content\/uploads\/2020\/06\/promenada1-1024x576.jpg 1024w, https:\/\/gazetaregionalna.com\/wp-content\/uploads\/2020\/06\/promenada1-300x169.jpg 300w, https:\/\/gazetaregionalna.com\/wp-content\/uploads\/2020\/06\/promenada1-768x432.jpg 768w, https:\/\/gazetaregionalna.com\/wp-content\/uploads\/2020\/06\/promenada1-1536x864.jpg 1536w, https:\/\/gazetaregionalna.com\/wp-content\/uploads\/2020\/06\/promenada1-696x392.jpg 696w, https:\/\/gazetaregionalna.com\/wp-content\/uploads\/2020\/06\/promenada1-1068x601.jpg 1068w, https:\/\/gazetaregionalna.com\/wp-content\/uploads\/2020\/06\/promenada1-747x420.jpg 747w, https:\/\/gazetaregionalna.com\/wp-content\/uploads\/2020\/06\/promenada1.jpg 1200w\" data-sizes=\"(max-width: 1024px) 100vw, 1024px\" src=\"data:image\/svg+xml;base64,PHN2ZyB3aWR0aD0iMSIgaGVpZ2h0PSIxIiB4bWxucz0iaHR0cDovL3d3dy53My5vcmcvMjAwMC9zdmciPjwvc3ZnPg==\" style=\"--smush-placeholder-width: 1024px; --smush-placeholder-aspect-ratio: 1024\/576;\" \/><\/figure>\n\n\n\n<p> Jak informuje Biuro Prasowe Urz\u0119du Miasta Cz\u0119stochowy, na nowy obiekt wybrano otwarty teren w\u015br\u00f3d parkowej zieleni. Kiedy\u015b by\u0142y tam ci\u0105gi dla pieszych. Teraz zaprojektowano tam alejk\u0119 \u2013 jej przebieg wytyczono na podstawie koncepcji zagospodarowania terenu opracowanej dla zadania \u201eOdnowa Promenady Niemena\u201d.<\/p>\n\n\n\n<p>\nFigury\nallozaura,\nceratozaura oraz utahzaura \u2013 stan\u0105 po\u015brodku p\u0119tli, kt\u00f3r\u0105\nstworzy nowo\nzaprojektowana alejka.<\/p>\n\n\n\n<p>\n&#8211;\n Ka\u017cda figura b\u0119dzie opatrzona tabliczk\u0105 z informacj\u0105 \u2013\nwyja\u015bnia\nmiasto. &#8211; \nNa obwodzie p\u0119tli zaplanowano monta\u017c 5 \u0142awek z oparciami i koszy\nna \u015bmieci.<\/p>\n\n\n\n<p>\nPark\nzosta\u0142 tak zaprojektowany, \u017ce b\u0119dzie go mo\u017cna w razie potrzeby\nrozbudowa\u0107.<\/p>\n\n\n\n<p>\nJe\u015bli\nwyb\u00f3r wykonawcy odb\u0119dzie si\u0119 sprawnie, park b\u0119dzie gotowy do\nko\u0144ca pa\u017adziernika.<\/p>\n\n\n\n<p> Magistrat czeka do 20 lipca na zg\u0142oszenia ofert od firm zainteresowanych realizacj\u0105 projektu.<\/p>\n\n\n\n<p>(IBS)<\/p>\n\n\n\n<p>(Fot. IBS, pixabay)<\/p>\n","protected":false},"excerpt":{"rendered":"<p>Mini dinopark na Promenadzie. Dinozaury na Promenadzie pojawi\u0105 si\u0119 by\u0107 mo\u017ce ju\u017c jesieni\u0105. Miasto szuka w\u0142a\u015bnie wykonawcy ma\u0142ego dinoparku z figurami prehistorycznych gad\u00f3w. Park<\/p>\n","protected":false},"author":7,"featured_media":15204,"comment_status":"open","ping_status":"open","sticky":false,"template":"","format":"standard","meta":{"_monsterinsights_skip_tracking":false,"_monsterinsights_sitenote_active":false,"_monsterinsights_sitenote_note":"","_monsterinsights_sitenote_category":0,"_uf_show_specific_survey":0,"_uf_disable_surveys":false,"footnotes":""},"categories":[12,3,15,94,2],"tags":[540],"class_list":["post-15198","post","type-post","status-publish","format-standard","has-post-thumbnail","hentry","category-kultura-i-rozrywka","category-czestochowa-informacje","category-dla-dzieci","category-polecane","category-wiadomosci","tag-dinopark-czestochowa"],"_links":{"self":[{"href":"https:\/\/gazetaregionalna.com\/index.php?rest_route=\/wp\/v2\/posts\/15198","targetHints":{"allow":["GET"]}}],"collection":[{"href":"https:\/\/gazetaregionalna.com\/index.php?rest_route=\/wp\/v2\/posts"}],"about":[{"href":"https:\/\/gazetaregionalna.com\/index.php?rest_route=\/wp\/v2\/types\/post"}],"author":[{"embeddable":true,"href":"https:\/\/gazetaregionalna.com\/index.php?rest_route=\/wp\/v2\/users\/7"}],"replies":[{"embeddable":true,"href":"https:\/\/gazetaregionalna.com\/index.php?rest_route=%2Fwp%2Fv2%2Fcomments&post=15198"}],"version-history":[{"count":3,"href":"https:\/\/gazetaregionalna.com\/index.php?rest_route=\/wp\/v2\/posts\/15198\/revisions"}],"predecessor-version":[{"id":15205,"href":"https:\/\/gazetaregionalna.com\/index.php?rest_route=\/wp\/v2\/posts\/15198\/revisions\/15205"}],"wp:featuredmedia":[{"embeddable":true,"href":"https:\/\/gazetaregionalna.com\/index.php?rest_route=\/wp\/v2\/media\/15204"}],"wp:attachment":[{"href":"https:\/\/gazetaregionalna.com\/index.php?rest_route=%2Fwp%2Fv2%2Fmedia&parent=15198"}],"wp:term":[{"taxonomy":"category","embeddable":true,"href":"https:\/\/gazetaregionalna.com\/index.php?rest_route=%2Fwp%2Fv2%2Fcategories&post=15198"},{"taxonomy":"post_tag","embeddable":true,"href":"https:\/\/gazetaregionalna.com\/index.php?rest_route=%2Fwp%2Fv2%2Ftags&post=15198"}],"curies":[{"name":"wp","href":"https:\/\/api.w.org\/{rel}","templated":true}]}}