{"id":15108,"date":"2020-06-29T07:35:00","date_gmt":"2020-06-29T07:35:00","guid":{"rendered":"https:\/\/gazetaregionalna.com\/?p=15108"},"modified":"2020-06-29T07:35:02","modified_gmt":"2020-06-29T07:35:02","slug":"mdk-w-lublincu","status":"publish","type":"post","link":"https:\/\/gazetaregionalna.com\/?p=15108","title":{"rendered":"MDK w Lubli\u0144cu zaprasza na rodzinne warsztaty \u201eZr\u00f3bmy sobie plansz\u00f3wk\u0119\u201d"},"content":{"rendered":"\n<h2 class=\"wp-block-heading\"> MDK w Lubli\u0144cu 5 lipca br. zaprasza ca\u0142e rodziny do wzi\u0119cia udzia\u0142u w warsztatach \u201eZr\u00f3bmy sobie plansz\u00f3wk\u0119\u201d. <\/h2>\n\n\n\n<p> 5 lipca 2020 roku przed o\u015brodkiem Miejskiego Domu Kultury w Lubli\u0144cu odb\u0119d\u0105 si\u0119 warsztaty, kt\u00f3rych celem jest stworzenie w\u0142asnej, oryginalnej, niepowtarzalnej gry planszowej. Materia\u0142y do tego celu b\u0119d\u0105 zagwarantowane przez organizatora. <\/p>\n\n\n\n<p> Zasady s\u0105 proste, jedna rodzina przy jednym stole ma za zadanie stworzy\u0107 jedn\u0105 gr\u0119 planszow\u0105 wed\u0142ug w\u0142asnego pomys\u0142u tzn., zaplanowa\u0107 tras\u0119, wyznaczy\u0107 przeszkody i\u00a0zadania, jak i\u00a0stworzy\u0107 w\u0142asne regu\u0142y gry. Liczy si\u0119 r\u00f3wnie\u017c estetyka planszy. <\/p>\n\n\n\n<p> Warsztaty odb\u0119d\u0105 si\u0119 przy zachowaniu zasad bezpiecze\u0144stwa, spowodowanych\u00a0koronawirusem. B\u0119d\u0105 dost\u0119pne \u015brodki dezynfekuj\u0105ce, a stanowiska pracy zostan\u0105 rozstawione w odpowiednich odleg\u0142o\u015bciach od siebie tak,\u00a0by ka\u017cda rodzina czu\u0142a si\u0119 komfortowo. <\/p>\n\n\n\n<p> W sprzyjaj\u0105cych warunkach pogodowych spotkanie odb\u0119dzie si\u0119 o godzinie 16:00 przy budynku\u00a0MDK, a w przypadku niepogody warsztaty zostan\u0105 przeniesione do wn\u0119trza budynku. <\/p>\n\n\n\n<p> Zapisy ch\u0119tnych dru\u017cyn tylko telefonicznie od 1 lipca. Bardzo wa\u017cne \u2013 liczba miejsc ograniczona! <\/p>\n\n\n\n<p>(\u0179r\u00f3d\u0142o: MDK w Lubli\u0144cu)<\/p>\n","protected":false},"excerpt":{"rendered":"<p>MDK w Lubli\u0144cu 5 lipca br. zaprasza ca\u0142e rodziny do wzi\u0119cia udzia\u0142u w warsztatach \u201eZr\u00f3bmy sobie plansz\u00f3wk\u0119\u201d. 5 lipca 2020 roku przed o\u015brodkiem Miejskiego<\/p>\n","protected":false},"author":12,"featured_media":0,"comment_status":"open","ping_status":"open","sticky":false,"template":"","format":"standard","meta":{"_monsterinsights_skip_tracking":false,"_monsterinsights_sitenote_active":false,"_monsterinsights_sitenote_note":"","_monsterinsights_sitenote_category":0,"_uf_show_specific_survey":0,"_uf_disable_surveys":false,"footnotes":""},"categories":[12,15,25,94,97],"tags":[530,104,531],"class_list":["post-15108","post","type-post","status-publish","format-standard","hentry","category-kultura-i-rozrywka","category-dla-dzieci","category-lubliniec","category-polecane","category-rodzina","tag-gra-planszowa","tag-lubliniec","tag-warsztaty"],"_links":{"self":[{"href":"https:\/\/gazetaregionalna.com\/index.php?rest_route=\/wp\/v2\/posts\/15108","targetHints":{"allow":["GET"]}}],"collection":[{"href":"https:\/\/gazetaregionalna.com\/index.php?rest_route=\/wp\/v2\/posts"}],"about":[{"href":"https:\/\/gazetaregionalna.com\/index.php?rest_route=\/wp\/v2\/types\/post"}],"author":[{"embeddable":true,"href":"https:\/\/gazetaregionalna.com\/index.php?rest_route=\/wp\/v2\/users\/12"}],"replies":[{"embeddable":true,"href":"https:\/\/gazetaregionalna.com\/index.php?rest_route=%2Fwp%2Fv2%2Fcomments&post=15108"}],"version-history":[{"count":1,"href":"https:\/\/gazetaregionalna.com\/index.php?rest_route=\/wp\/v2\/posts\/15108\/revisions"}],"predecessor-version":[{"id":15115,"href":"https:\/\/gazetaregionalna.com\/index.php?rest_route=\/wp\/v2\/posts\/15108\/revisions\/15115"}],"wp:attachment":[{"href":"https:\/\/gazetaregionalna.com\/index.php?rest_route=%2Fwp%2Fv2%2Fmedia&parent=15108"}],"wp:term":[{"taxonomy":"category","embeddable":true,"href":"https:\/\/gazetaregionalna.com\/index.php?rest_route=%2Fwp%2Fv2%2Fcategories&post=15108"},{"taxonomy":"post_tag","embeddable":true,"href":"https:\/\/gazetaregionalna.com\/index.php?rest_route=%2Fwp%2Fv2%2Ftags&post=15108"}],"curies":[{"name":"wp","href":"https:\/\/api.w.org\/{rel}","templated":true}]}}