{"id":15065,"date":"2020-06-28T12:07:44","date_gmt":"2020-06-28T12:07:44","guid":{"rendered":"https:\/\/gazetaregionalna.com\/?p=15065"},"modified":"2020-06-28T12:40:25","modified_gmt":"2020-06-28T12:40:25","slug":"wybieramy-prezydenta-w-czestochowie-na-godzine-12-frekwencja-wyzsza-niz-w-kraju","status":"publish","type":"post","link":"https:\/\/gazetaregionalna.com\/?p=15065","title":{"rendered":"Wybieramy Prezydenta. W Cz\u0119stochowie na godzin\u0119 12 frekwencja wy\u017csza ni\u017c w kraju"},"content":{"rendered":"\n<p>Od godziny 7 wybieramy Prezydenta RP. Wszystko wskazuje na to, \u017ce b\u0119d\u0105 to wyj\u0105tkowe wybory nie tylko z powodu pandemii, ale tak\u017ce rekordowej frekwencji. Od rana w komisjach obwodowych ruch wy\u017cszy ni\u017c pi\u0119\u0107 lat temu. Przed niekt\u00f3rymi lokalami wyborczymi ustawiaj\u0105 si\u0119 kolejki.<br> Frekwencja w kraju na godzin\u0119 12 wynios\u0142a 24,08%. Dla por\u00f3wnania w 2015 roku by\u0142a w tym samym czasie na poziomie 14,61%.  W wojew\u00f3dztwie \u015bl\u0105skim frekwencja na 12 wynosi\u0142a 24,07%.<\/p>\n\n\n\n<figure class=\"wp-block-image size-large\"><img decoding=\"async\" width=\"1024\" height=\"576\" data-src=\"https:\/\/gazetaregionalna.com\/wp-content\/uploads\/2020\/06\/wyb2-1024x576.jpg\" alt=\"\" class=\"wp-image-15068 lazyload\" data-srcset=\"https:\/\/gazetaregionalna.com\/wp-content\/uploads\/2020\/06\/wyb2-1024x576.jpg 1024w, https:\/\/gazetaregionalna.com\/wp-content\/uploads\/2020\/06\/wyb2-300x169.jpg 300w, https:\/\/gazetaregionalna.com\/wp-content\/uploads\/2020\/06\/wyb2-768x432.jpg 768w, https:\/\/gazetaregionalna.com\/wp-content\/uploads\/2020\/06\/wyb2-1536x864.jpg 1536w, https:\/\/gazetaregionalna.com\/wp-content\/uploads\/2020\/06\/wyb2-696x392.jpg 696w, https:\/\/gazetaregionalna.com\/wp-content\/uploads\/2020\/06\/wyb2-1068x601.jpg 1068w, https:\/\/gazetaregionalna.com\/wp-content\/uploads\/2020\/06\/wyb2-747x420.jpg 747w, https:\/\/gazetaregionalna.com\/wp-content\/uploads\/2020\/06\/wyb2.jpg 1200w\" data-sizes=\"(max-width: 1024px) 100vw, 1024px\" src=\"data:image\/svg+xml;base64,PHN2ZyB3aWR0aD0iMSIgaGVpZ2h0PSIxIiB4bWxucz0iaHR0cDovL3d3dy53My5vcmcvMjAwMC9zdmciPjwvc3ZnPg==\" style=\"--smush-placeholder-width: 1024px; --smush-placeholder-aspect-ratio: 1024\/576;\" \/><\/figure>\n\n\n\n<p>W Cz\u0119stochowie przed po\u0142udniem g\u0142os odda\u0142o 27,05%  wyborc\u00f3w. W powiecie cz\u0119stochowskim do godziny 12 zag\u0142osowa\u0142o 22,54% os\u00f3b uprawnionych do g\u0142osowania. <\/p>\n\n\n\n<p>W poszczeg\u00f3lnych gminach powiatu cz\u0119stochowskiego frekwencja wygl\u0105da\u0142a na godzin\u0119 12 nast\u0119puj\u0105co:<\/p>\n\n\n\n<p>gm. Blachownia    24,28%<br>\ngm. D\u0105browa Zielona    18,97%<br>\ngm. Jan\u00f3w    20,42%<br>\ngm. Kamienica Polska    23,87%<br>\ngm. K\u0142omnice    22,71%<br>\ngm. Koniecpol    19,82%<br>\ngm. Konopiska    21,83%<br>\ngm. Kruszyna    21,23%<br>\ngm. Lel\u00f3w    21,36%<br>\ngm. Mst\u00f3w    23,92%<br>\ngm. Mykan\u00f3w    23,35%<br>\ngm. Olsztyn     24,16%<br>\ngm. Poczesna    23,28%<br>\ngm. Przyr\u00f3w    23,79%<br>\ngm. R\u0119dziny        22,46%<br>\ngm. Starcza     18,70%<\/p>\n\n\n\n<p>W pozosta\u0142ych powiatach regionu wynios\u0142a:<br> Powiat k\u0142obucki &#8211;  22,70%<\/p>\n\n\n\n<p>gm. K\u0142obuck     22,45%<br>\ngm. Krzepice     21,60%<br>\ngm. Lipie    19,87%<br>\ngm. Mied\u017ano    20,35%<br>\ngm. Opat\u00f3w     20,30%<br>\ngm. Panki    21,83%<br>\ngm. Pop\u00f3w    20,45%<br>\ngm. Przystaj\u0144    19,66%<br>\ngm. Wr\u0119czyca Wielka    19,08%<\/p>\n\n\n\n<p><br> Powiat myszkowski  &#8211; 22,82%<\/p>\n\n\n\n<p>gm. Kozieg\u0142owy     22,16%<br>\nm. Myszk\u00f3w     23,09%<br>\ngm. Niegowa     22,82%<br>\ngm. Poraj    23,70%<br>\ngm. \u017barki    21,80%<\/p>\n\n\n\n<p><br>Powiat lubliniecki &#8211; 20,17%<\/p>\n\n\n\n<p>gm. Boron\u00f3w     21,73%<br>\ngm. Ciasna    15,54%<br>\ngm. Herby     20,60%<br>\ngm. Kochanowice    15,60%<br>\ngm. Kosz\u0119cin    19,31%<br>\nm. Lubliniec     24,88%<br>\ngm. Pawonk\u00f3w    17,62%<br>\ngm. Wo\u017aniki    18,35%<\/p>\n\n\n\n<p><br> Lokale wyborcze dzisiaj b\u0119d\u0105 czynne do godziny 21.<\/p>\n\n\n\n<p>(IBS)<\/p>\n","protected":false},"excerpt":{"rendered":"<p>Od godziny 7 wybieramy Prezydenta RP. Wszystko wskazuje na to, \u017ce b\u0119d\u0105 to wyj\u0105tkowe wybory nie tylko z powodu pandemii, ale tak\u017ce rekordowej frekwencji.<\/p>\n","protected":false},"author":7,"featured_media":15067,"comment_status":"open","ping_status":"open","sticky":false,"template":"","format":"standard","meta":{"_monsterinsights_skip_tracking":false,"_monsterinsights_sitenote_active":false,"_monsterinsights_sitenote_note":"","_monsterinsights_sitenote_category":0,"_uf_show_specific_survey":0,"_uf_disable_surveys":false,"footnotes":""},"categories":[94,3,27,25,26,4,2],"tags":[525,500],"class_list":["post-15065","post","type-post","status-publish","format-standard","has-post-thumbnail","hentry","category-polecane","category-czestochowa-informacje","category-klobuck-informacje","category-lubliniec","category-myszkow","category-region","category-wiadomosci","tag-frekwencja-wybory-2020","tag-wybory-2020"],"_links":{"self":[{"href":"https:\/\/gazetaregionalna.com\/index.php?rest_route=\/wp\/v2\/posts\/15065","targetHints":{"allow":["GET"]}}],"collection":[{"href":"https:\/\/gazetaregionalna.com\/index.php?rest_route=\/wp\/v2\/posts"}],"about":[{"href":"https:\/\/gazetaregionalna.com\/index.php?rest_route=\/wp\/v2\/types\/post"}],"author":[{"embeddable":true,"href":"https:\/\/gazetaregionalna.com\/index.php?rest_route=\/wp\/v2\/users\/7"}],"replies":[{"embeddable":true,"href":"https:\/\/gazetaregionalna.com\/index.php?rest_route=%2Fwp%2Fv2%2Fcomments&post=15065"}],"version-history":[{"count":5,"href":"https:\/\/gazetaregionalna.com\/index.php?rest_route=\/wp\/v2\/posts\/15065\/revisions"}],"predecessor-version":[{"id":15073,"href":"https:\/\/gazetaregionalna.com\/index.php?rest_route=\/wp\/v2\/posts\/15065\/revisions\/15073"}],"wp:featuredmedia":[{"embeddable":true,"href":"https:\/\/gazetaregionalna.com\/index.php?rest_route=\/wp\/v2\/media\/15067"}],"wp:attachment":[{"href":"https:\/\/gazetaregionalna.com\/index.php?rest_route=%2Fwp%2Fv2%2Fmedia&parent=15065"}],"wp:term":[{"taxonomy":"category","embeddable":true,"href":"https:\/\/gazetaregionalna.com\/index.php?rest_route=%2Fwp%2Fv2%2Fcategories&post=15065"},{"taxonomy":"post_tag","embeddable":true,"href":"https:\/\/gazetaregionalna.com\/index.php?rest_route=%2Fwp%2Fv2%2Ftags&post=15065"}],"curies":[{"name":"wp","href":"https:\/\/api.w.org\/{rel}","templated":true}]}}