{"id":15044,"date":"2020-06-27T09:05:49","date_gmt":"2020-06-27T09:05:49","guid":{"rendered":"https:\/\/gazetaregionalna.com\/?p=15044"},"modified":"2020-06-27T13:37:57","modified_gmt":"2020-06-27T13:37:57","slug":"rakow-czestochowa-wygral-z-arka-gdynia","status":"publish","type":"post","link":"https:\/\/gazetaregionalna.com\/?p=15044","title":{"rendered":"Rak\u00f3w Cz\u0119stochowa po wygranej z Ark\u0105 Gdynia 3:2 zapewni\u0142 sobie utrzymanie w PKO BP Ekstraklasie!"},"content":{"rendered":"\n<p><strong>Rak\u00f3w Cz\u0119stochowa<\/strong> pokona\u0142 w pi\u0105tek w Be\u0142chatowie Ark\u0119 Gdynia 3:2. Tym samym cz\u0119stochowscy pi\u0142karze zapewnili sobie utrzymanie i prawo gry w kolejnym sezonie w ekstraklasie. <\/p>\n\n\n\n<p>Rak\u00f3w graj\u0105c w tzw. grupie spadkowej prezentuje si\u0119 bardzo dobrze. Czerwono-niebiescy wygrali trzeci mecz z rz\u0119du! A je\u015bli do tego doliczymy zwyci\u0119stwo z Zag\u0142\u0119biem Lubin w 30. ostatniej kolejce rundy zasadniczej to podopieczni trenera <strong>Marka Papszuna<\/strong> maj\u0105 na koncie cztery wygrane pod rz\u0105d! <\/p>\n\n\n\n<p>Rak\u00f3w ma ju\u017c na koncie 50 punkt\u00f3w (z 41 punktami rozpoczyna\u0142 gr\u0119 w grupie bara\u017cowej). Je\u015bli w sobot\u0119 G\u00f3rnik Zabrze nie wygra z Wis\u0142\u0105 Krak\u00f3w to Rak\u00f3w b\u0119dzie w tabeli na 9. miejscu czyli pierwszym w grupie spadkowej. <\/p>\n\n\n\n<p>Kibice w pi\u0105tek w Be\u0142chatowie zobaczyli ciekawe spotkanie i co najwa\u017cniejsze z a\u017c pi\u0119cioma bramkami. &nbsp;Pierwszego gola dla Rakowa w 29. minucie zdoby\u0142 <strong>Kamil Pi\u0105tkowski<\/strong>. Na 2:0 tu\u017c przed przerw\u0105 podwy\u017cszy\u0142 <strong>Petr Schwarz<\/strong>. Arka kontaktowego gola zdoby\u0142a po kiksie <strong>Patryka Kuna<\/strong>. Po celnym trafieniu <strong>Kamila Ko\u015bcielnego<\/strong> na tablicy wynik\u00f3w by\u0142o ju\u017c 3:1 dla Rakowa. Gdynianie po golu <strong>Marcusa da Silvy<\/strong> zmniejszyli straty na 2:3. Co prawda bliski zdobycia gola dla Rakowa by\u0142 jeszcze <strong>Ben Lederman<\/strong>, ale pi\u0142ka po jego strzale trafi\u0142a w spojenie. &nbsp;Kibice wi\u0119cej goli nie zobaczyli.<\/p>\n\n\n\n<p>Po ostatnim gwizdku s\u0119dziego pi\u0142karze Rakowa wraz z kibicami mogli cieszy\u0107 si\u0119 z czwartego z rz\u0119du zwyci\u0119stwa oraz utrzymania w PKO Ekstraklasie, kt\u00f3re zosta\u0142o zapewnione na cztery kolejki przed zako\u0144czeniem sezonu. <\/p>\n\n\n\n<p> <\/p>\n\n\n\n<p><strong>Rak\u00f3w Cz\u0119stochowa \u2013\nArka Gdynia 3:2 (2:0) <\/strong><\/p>\n\n\n\n<p><strong>Bramki:<\/strong> 1:0 Pi\u0105tkowski (29.), 2:0 Schwarz (43.), 2:1 Kun (56. samob\u00f3jcza), Ko\u015bcielny (66.), 3:2 da Silva (82.)<\/p>\n\n\n\n<p><strong>Rak\u00f3w:<\/strong> Szumski \u2013 Pi\u0105tkowski, Petrasek, Ko\u015bcielny, Schwarz (46. Lederman), Kun, Bartl (78. Tudor), Musiolik, Tijani\u0107, Brown Forbes (86. Ozi\u0119ba\u0142a). <\/p>\n","protected":false},"excerpt":{"rendered":"<p>Rak\u00f3w Cz\u0119stochowa pokona\u0142 w pi\u0105tek w Be\u0142chatowie Ark\u0119 Gdynia 3:2. Tym samym cz\u0119stochowscy pi\u0142karze zapewnili sobie utrzymanie i prawo gry w kolejnym sezonie w<\/p>\n","protected":false},"author":15,"featured_media":5411,"comment_status":"open","ping_status":"open","sticky":false,"template":"","format":"standard","meta":{"_monsterinsights_skip_tracking":false,"_monsterinsights_sitenote_active":false,"_monsterinsights_sitenote_note":"","_monsterinsights_sitenote_category":0,"_uf_show_specific_survey":0,"_uf_disable_surveys":false,"footnotes":""},"categories":[5,3,6,2],"tags":[519,495,146],"class_list":["post-15044","post","type-post","status-publish","format-standard","has-post-thumbnail","hentry","category-sport","category-czestochowa-informacje","category-pilka-nozna","category-wiadomosci","tag-ekstraklasa","tag-pilka-nozna","tag-rakow-czestochowa"],"_links":{"self":[{"href":"https:\/\/gazetaregionalna.com\/index.php?rest_route=\/wp\/v2\/posts\/15044","targetHints":{"allow":["GET"]}}],"collection":[{"href":"https:\/\/gazetaregionalna.com\/index.php?rest_route=\/wp\/v2\/posts"}],"about":[{"href":"https:\/\/gazetaregionalna.com\/index.php?rest_route=\/wp\/v2\/types\/post"}],"author":[{"embeddable":true,"href":"https:\/\/gazetaregionalna.com\/index.php?rest_route=\/wp\/v2\/users\/15"}],"replies":[{"embeddable":true,"href":"https:\/\/gazetaregionalna.com\/index.php?rest_route=%2Fwp%2Fv2%2Fcomments&post=15044"}],"version-history":[{"count":3,"href":"https:\/\/gazetaregionalna.com\/index.php?rest_route=\/wp\/v2\/posts\/15044\/revisions"}],"predecessor-version":[{"id":15052,"href":"https:\/\/gazetaregionalna.com\/index.php?rest_route=\/wp\/v2\/posts\/15044\/revisions\/15052"}],"wp:featuredmedia":[{"embeddable":true,"href":"https:\/\/gazetaregionalna.com\/index.php?rest_route=\/wp\/v2\/media\/5411"}],"wp:attachment":[{"href":"https:\/\/gazetaregionalna.com\/index.php?rest_route=%2Fwp%2Fv2%2Fmedia&parent=15044"}],"wp:term":[{"taxonomy":"category","embeddable":true,"href":"https:\/\/gazetaregionalna.com\/index.php?rest_route=%2Fwp%2Fv2%2Fcategories&post=15044"},{"taxonomy":"post_tag","embeddable":true,"href":"https:\/\/gazetaregionalna.com\/index.php?rest_route=%2Fwp%2Fv2%2Ftags&post=15044"}],"curies":[{"name":"wp","href":"https:\/\/api.w.org\/{rel}","templated":true}]}}