{"id":15024,"date":"2020-06-27T07:11:28","date_gmt":"2020-06-27T07:11:28","guid":{"rendered":"https:\/\/gazetaregionalna.com\/?p=15024"},"modified":"2020-06-27T07:37:36","modified_gmt":"2020-06-27T07:37:36","slug":"wakacje-w-czasach-pandemii","status":"publish","type":"post","link":"https:\/\/gazetaregionalna.com\/?p=15024","title":{"rendered":"Wakacje w czasach pandemii. \u017barki zapraszaj\u0105"},"content":{"rendered":"\n<h2 class=\"wp-block-heading\">Tegoroczne wakacje b\u0119d\u0105 z pewno\u015bci\u0105 inne ni\u017c zwykle. To b\u0119d\u0105 wakacje w czasach pandemii, a wi\u0119c z zachowaniem ostro\u017cno\u015bci i rygoru sanitarnego zwi\u0105zanego z koronawirusem. <\/h2>\n\n\n\n<p>Wiele os\u00f3b z pewno\u015bci\u0105 nie b\u0119dzie mog\u0142o lub b\u0119dzie si\u0119 obawia\u0142o wyjecha\u0107 za granic\u0119. Sporo z nas w wakacje pozostanie w kraju, poszukuj\u0105c ciekawej alternatywy dla egzotycznych wycieczek. Tymczasem szuka\u0107 nie trzeba daleko, aby ciekawie sp\u0119dzi\u0107 lato. Turystyczn\u0105 gmina \u017barki zapewnia wiele atrakcji zar\u00f3wno dla m\u0142odych, jak i nieco starszych go\u015bci. Na miejscu b\u0119dzie mo\u017cna uczestniczy\u0107 w kreatywnych warsztatach, pokazach, dowiedzie\u0107 si\u0119 wielu interesuj\u0105cych rzeczy z zagrodach edukacyjnych, a tak\u017ce zwiedza\u0107 pieszo lub specjalnym gazikiem okolice, podziwiaj\u0105c znajduj\u0105ce si\u0119 w pobli\u017cu ruiny jurajskich warowni.<\/p>\n\n\n\n<figure class=\"wp-block-image size-large\"><img decoding=\"async\" width=\"960\" height=\"720\" data-src=\"https:\/\/gazetaregionalna.com\/wp-content\/uploads\/2020\/06\/muzeum.jpg\" alt=\"\" class=\"wp-image-13511 lazyload\" data-srcset=\"https:\/\/gazetaregionalna.com\/wp-content\/uploads\/2020\/06\/muzeum.jpg 960w, https:\/\/gazetaregionalna.com\/wp-content\/uploads\/2020\/06\/muzeum-300x225.jpg 300w, https:\/\/gazetaregionalna.com\/wp-content\/uploads\/2020\/06\/muzeum-768x576.jpg 768w, https:\/\/gazetaregionalna.com\/wp-content\/uploads\/2020\/06\/muzeum-80x60.jpg 80w, https:\/\/gazetaregionalna.com\/wp-content\/uploads\/2020\/06\/muzeum-265x198.jpg 265w, https:\/\/gazetaregionalna.com\/wp-content\/uploads\/2020\/06\/muzeum-696x522.jpg 696w, https:\/\/gazetaregionalna.com\/wp-content\/uploads\/2020\/06\/muzeum-560x420.jpg 560w\" data-sizes=\"(max-width: 960px) 100vw, 960px\" src=\"data:image\/svg+xml;base64,PHN2ZyB3aWR0aD0iMSIgaGVpZ2h0PSIxIiB4bWxucz0iaHR0cDovL3d3dy53My5vcmcvMjAwMC9zdmciPjwvc3ZnPg==\" style=\"--smush-placeholder-width: 960px; --smush-placeholder-aspect-ratio: 960\/720;\" \/><\/figure>\n\n\n\n<p>Oto kilka propozycji przygotowanych dla turyst\u00f3w, kt\u00f3rzy zechc\u0105 tego lata odwiedzi\u0107 \u017barki i okolic\u0119:<\/p>\n\n\n\n<p><strong>Multimedialna podr\u00f3\u017c w czasie<\/strong><br> Stary M\u0142yn w \u017barkach to nowoczesna wystawa o dziejach dawnych rzemie\u015blnik\u00f3w. Na zwiedzaj\u0105cych czekaj\u0105 \u2014 multimedialna ekspozycja, interaktywne gry, autentyczne maszyny, warsztaty. Stary M\u0142yn czynny poniedzia\u0142ek \u2013 pi\u0105tek w godz. 8.00-16.00, weekendy 10.00-18.00. Rezerwacja tel. 690 070 772, przy du\u017cym ruch turystycznym wej\u015bcia o pe\u0142nych godzinach. Ostatnie wej\u015bcie godzin\u0119 przed zamkni\u0119ciem. Obiekt znajduje si\u0119 na Szlaku Zabytk\u00f3w Techniki.<br> Muzeum Dawnych Rzemios\u0142 w Starym M\u0142ynie w \u017barkach, ul. Ofiar Katynia 5, 42-310 \u017barki, tel. 690 070 772, poczta@muzeumzarki.pl, <a href=\"http:\/\/www.muzeumzarki.pl\/\" class=\"rank-math-link\" target=\"_blank\" rel=\"noopener\">www.muzeumzarki.pl<\/a><\/p>\n\n\n\n<p><strong>Hokus Pokuss \u2014 najs\u0142odsze miejsce w \u017barkach<\/strong><\/p>\n\n\n\n<figure class=\"wp-block-image size-large\"><img decoding=\"async\" width=\"934\" height=\"623\" data-src=\"https:\/\/gazetaregionalna.com\/wp-content\/uploads\/2020\/06\/slodycze.jpg\" alt=\"\" class=\"wp-image-15033 lazyload\" data-srcset=\"https:\/\/gazetaregionalna.com\/wp-content\/uploads\/2020\/06\/slodycze.jpg 934w, https:\/\/gazetaregionalna.com\/wp-content\/uploads\/2020\/06\/slodycze-300x200.jpg 300w, https:\/\/gazetaregionalna.com\/wp-content\/uploads\/2020\/06\/slodycze-768x512.jpg 768w, https:\/\/gazetaregionalna.com\/wp-content\/uploads\/2020\/06\/slodycze-696x464.jpg 696w, https:\/\/gazetaregionalna.com\/wp-content\/uploads\/2020\/06\/slodycze-630x420.jpg 630w\" data-sizes=\"(max-width: 934px) 100vw, 934px\" src=\"data:image\/svg+xml;base64,PHN2ZyB3aWR0aD0iMSIgaGVpZ2h0PSIxIiB4bWxucz0iaHR0cDovL3d3dy53My5vcmcvMjAwMC9zdmciPjwvc3ZnPg==\" style=\"--smush-placeholder-width: 934px; --smush-placeholder-aspect-ratio: 934\/623;\" \/><\/figure>\n\n\n\n<p>Warsztaty wytwarzania s\u0142odyczy organizowane b\u0119d\u0105 od poniedzia\u0142ku do soboty w godzinach oko\u0142opo\u0142udniowych. W trakcie: produkcja s\u0142odko\u015bci, w\u0142asnor\u0119czne wytwarzanie wymarzonego lizaka oraz kosztowanie jeszcze ciep\u0142ych karmelk\u00f3w. Konieczna rezerwacja tel. 530 815 045.<br> Manufaktura Hokus Pokuss, ul. Pi\u0142sudskiego 17, 42-310 \u017barki, tel. 530 815 045, manufaktura.zarki@gmail.com,   <a href=\"http:\/\/www.hokuspokuss.pl\/\" target=\"_blank\" rel=\"noopener\">http:\/\/www.hokuspokuss.pl\/<\/a>  <\/p>\n\n\n\n<p><strong>Wehiku\u0142 Czasu na Jurajskim Szlaku<\/strong><\/p>\n\n\n\n<p>To magiczna podr\u00f3\u017c do \u015bwiata historii. Uczestnicy odwiedz\u0105 \u015bredniowieczny dom i ob\u00f3z rycerski. Odkryj\u0105, co jadano w \u015bredniowieczu, odwiedz\u0105 babk\u0119 zielark\u0119, przymierz\u0105 stroje, sprawdz\u0105, czy rycerstwo to lekki fach. Dodatkowo go\u015bcie b\u0119d\u0105 mogli wzi\u0105\u0107 udzia\u0142 w warsztatach z makramy lub z lepienia z gliny. Zwiedzanie oraz warsztaty przez ca\u0142e wakacje po rezerwacji tel. 603 770 627.<br> Wehiku\u0142 Czasu na Jurajskim Szlaku, ul. Le\u015bna 19, 42-310 \u017barki,, tel. 603 770 627, <a href=\"https:\/\/www.turystykazarki.pl\/\" target=\"_blank\" rel=\"noopener\">https:\/\/www.turystykazarki.pl\/<\/a> <\/p>\n\n\n\n<p><strong>Weso\u0142e zwierzaki z siana<br><\/strong> EtnoPracownia to miejsce pracy tw\u00f3rczej. Podczas warsztat\u00f3w powstan\u0105 weso\u0142e zwierzaki z siana lub wikliny. W czasie wakacji warsztaty odbywaj\u0105 si\u0119 od poniedzia\u0142ku do soboty w godzinach oko\u0142opo\u0142udniowych. Wst\u0119p wy\u0142\u0105cznie po wcze\u015bniejszej rezerwacji tel. 731 926 776.<br> EtnoPracownia ul. Ofiar Katynia, 42-310 \u017barki, tel. 731 926 776,  <a href=\"https:\/\/www.etnopracownia.pl\/\" class=\"rank-math-link\" target=\"_blank\" rel=\"noopener\">https:\/\/www.etnopracownia.pl\/<\/a> (lokalizacja naprzeciwko zabytkowych stod\u00f3\u0142 w \u017barkach, wok\u00f3\u0142 Etnopracowni ogrodzenie imituj\u0105ce kolorowe kredki).<\/p>\n\n\n\n<p><strong>\u201eArtWarsztaty\u201d<br><\/strong> ArtWarsztaty oferuj\u0105ce wiele ciekawych warsztat\u00f3w m. in. gliniarskie, robienia \u015bwiec, EBRU (malowanie na wodzie), z gipsowymi odlewami w piasku czy malowanie ceramiki. Rodzinne zaj\u0119cia wakacyjne odbywa\u0107 si\u0119 b\u0119d\u0105 po wcze\u015bniejszej rezerwacji (termin do uzgodnienia, grupa powy\u017cej 6 os\u00f3b). Szczeg\u00f3\u0142y oferty i rezerwacje tel. 570 668 490. Warsztaty prowadzone w MGOK w \u017barkach<br> Warsztaty prowadzone w MGOK, ul. Moniuszki 2, 42-310 \u017barki, tel. 570 668 490, 787 264 228, artwarsztatyzarki@gmail.com<\/p>\n\n\n\n<figure class=\"wp-block-image size-large\"><img decoding=\"async\" width=\"1024\" height=\"643\" data-src=\"https:\/\/gazetaregionalna.com\/wp-content\/uploads\/2020\/06\/etno.jpg\" alt=\"\" class=\"wp-image-15035 lazyload\" data-srcset=\"https:\/\/gazetaregionalna.com\/wp-content\/uploads\/2020\/06\/etno.jpg 1024w, https:\/\/gazetaregionalna.com\/wp-content\/uploads\/2020\/06\/etno-300x188.jpg 300w, https:\/\/gazetaregionalna.com\/wp-content\/uploads\/2020\/06\/etno-768x482.jpg 768w, https:\/\/gazetaregionalna.com\/wp-content\/uploads\/2020\/06\/etno-696x437.jpg 696w, https:\/\/gazetaregionalna.com\/wp-content\/uploads\/2020\/06\/etno-669x420.jpg 669w\" data-sizes=\"(max-width: 1024px) 100vw, 1024px\" src=\"data:image\/svg+xml;base64,PHN2ZyB3aWR0aD0iMSIgaGVpZ2h0PSIxIiB4bWxucz0iaHR0cDovL3d3dy53My5vcmcvMjAwMC9zdmciPjwvc3ZnPg==\" style=\"--smush-placeholder-width: 1024px; --smush-placeholder-aspect-ratio: 1024\/643;\" \/><\/figure>\n\n\n\n<p><strong>Gazikiem przez Jur\u0119<br><\/strong> Niepowtarzalna wycieczka oryginalnym militarnym pojazdem po jurajskich bezdro\u017cach. Podczas tej wyprawy uczestnicy odkryj\u0105 pi\u0119kno jurajskiego krajobrazu, tajemnice bunkr\u00f3w II wojny \u015bwiatowej, \u017cydowskiego cmentarza czy zabytkowych stod\u00f3\u0142. Rezerwacja wycieczki z jednodniowym wyprzedzeniem tel. 887 803 303<br> Przysta\u0144 Turystyczna Le\u015bni\u00f3w, ul. \u0179r\u00f3dlana 5, 42-310 \u017barki, tel. 887 803 303, recepcja@przystanlesniow.pl,  <a href=\"http:\/\/przystanlesniow.pl\/\" target=\"_blank\" rel=\"noopener\">http:\/\/przystanlesniow.pl\/<\/a> <\/p>\n\n\n\n<p><strong>Przygoda na wsi<br><\/strong> Agrogospodarstwo \u201ePod Ska\u0142k\u0105\u201d oferuje od poniedzia\u0142ku do pi\u0105tku od 11.00 do 17.00 zwiedzanie XIX- w. skansenu z wyposa\u017ceniem, zwierzy\u0144ca oraz plac zabaw z dmuchanymi zamkami na \u015bwie\u017cym powietrzu, natomiast w weekendy od 11.00 do 18.00 dodatkowo pokazy magicznej chemii dla dzieci oraz wycieczka Jurajskim Ekspresem.<br> Agrogospodarstwo \u201ePod Ska\u0142k\u0105\u201d, Przybyn\u00f3w ul. Szkolna 34, 42-310 \u017barki, tel. 501 154 921, (34) 314 88 29, info@agroskalka.pl,   <a href=\"https:\/\/agroskalka.pl\/\" class=\"rank-math-link\" target=\"_blank\" rel=\"noopener\">https:\/\/agroskalka.pl\/ <\/a><\/p>\n\n\n\n<figure class=\"wp-block-image size-large\"><img decoding=\"async\" width=\"1024\" height=\"683\" data-src=\"https:\/\/gazetaregionalna.com\/wp-content\/uploads\/2020\/06\/agro-1024x683.jpg\" alt=\"\" class=\"wp-image-15038 lazyload\" data-srcset=\"https:\/\/gazetaregionalna.com\/wp-content\/uploads\/2020\/06\/agro-1024x683.jpg 1024w, https:\/\/gazetaregionalna.com\/wp-content\/uploads\/2020\/06\/agro-300x200.jpg 300w, https:\/\/gazetaregionalna.com\/wp-content\/uploads\/2020\/06\/agro-768x512.jpg 768w, https:\/\/gazetaregionalna.com\/wp-content\/uploads\/2020\/06\/agro-1536x1024.jpg 1536w, https:\/\/gazetaregionalna.com\/wp-content\/uploads\/2020\/06\/agro-696x464.jpg 696w, https:\/\/gazetaregionalna.com\/wp-content\/uploads\/2020\/06\/agro-1068x712.jpg 1068w, https:\/\/gazetaregionalna.com\/wp-content\/uploads\/2020\/06\/agro-630x420.jpg 630w, https:\/\/gazetaregionalna.com\/wp-content\/uploads\/2020\/06\/agro.jpg 1200w\" data-sizes=\"(max-width: 1024px) 100vw, 1024px\" src=\"data:image\/svg+xml;base64,PHN2ZyB3aWR0aD0iMSIgaGVpZ2h0PSIxIiB4bWxucz0iaHR0cDovL3d3dy53My5vcmcvMjAwMC9zdmciPjwvc3ZnPg==\" style=\"--smush-placeholder-width: 1024px; --smush-placeholder-aspect-ratio: 1024\/683;\" \/><\/figure>\n\n\n\n<p><br> Kto lubi aktywny wypoczynek, na miejscu b\u0119dzie m\u00f3g\u0142 wypo\u017cyczy\u0107 odpowiedni sprz\u0119t.<br> Do korzystania z wypo\u017cyczalni jedno\u015blad\u00f3w zapraszaj\u0105<br> Jurajskie Rowery \u017barki i Myszk\u00f3w. Na terenie \u017barek zlokalizowano cztery stacje wyposa\u017cone w rowery. Jak z nich skorzysta\u0107? Wystarczy wej\u015b\u0107 na stron\u0119:  <a href=\"https:\/\/jurajskierowery.pl\/\" target=\"_blank\" rel=\"noopener\">https:\/\/jurajskierowery.pl\/<\/a> <br> Infolinia \u2013 ca\u0142odobowo: 34 333 59 59<br> Stacje miejskich rower\u00f3w znajduj\u0105 si\u0119 w  \u017barki Nowy Rynek, \u017barki Le\u015bni\u00f3w Turystyczna Frajda, Myszk\u00f3w przy dawnym dworcu PKS, Myszk\u00f3w Dotyk Jury.<br> Wystarczy zarejestrowa\u0107 si\u0119 w systemie i zasili\u0107 konto kwot\u0105 20 z\u0142otych &#8211; 10 z\u0142 bezzwrotnej op\u0142aty inicjalnej i 10 z\u0142, z kt\u00f3rego finansowana b\u0119dzie op\u0142ata za wypo\u017cyczenie. System przewiduje 30 bezp\u0142atnych minut startowych. Zgodnie z cennikiem wypo\u017cyczalni czas od 31 do 60 minuty kosztuje 1 z\u0142oty. Druga godzina to 2 z\u0142ote, trzecia \u2013 3 z\u0142, a ka\u017cda nast\u0119pna \u2013 4 z\u0142ote.<\/p>\n\n\n\n<p><br> Wypo\u017cyczenie rower\u00f3w proponuje r\u00f3wnie\u017c Go\u015bciniec Jurajski, ul. Kozieg\u0142owska 8, 42-310 \u017barki, tel. 570 727 400,  <a href=\"http:\/\/www.gosciniecjurajski.com.pl\/\" target=\"_blank\" rel=\"noopener\">http:\/\/www.gosciniecjurajski.com.pl\/<\/a> <br> Tam do dyspozycji turyst\u00f3w znajduj\u0105 si\u0119 rowery m\u0119skie i damskie dla doros\u0142ych.<br> Rowery, nartorolki, rolki, hulajnogi tr\u00f3jko\u0142owe, kije Nordic Walking po\u017cyczy\u0107 mo\u017cna natomiast w wypo\u017cyczalni przy ul. Le\u015bniowskiej 107, 42-310 \u017barki, tel. 793 93 22 11, kontakt@wypozyczalniazarki.pl,  <a href=\"http:\/\/www.wypozyczalniazarki.pl.\/\" target=\"_blank\" rel=\"noopener\">http:\/\/www.wypozyczalniazarki.pl.\/<\/a> <\/p>\n\n\n\n<p>Na terenie gminy dzia\u0142a r\u00f3wnie\u017c wypo\u017cyczalnia gazik\u00f3w i rower\u00f3w \u2014 Przysta\u0144 Turystyczna. Le\u015bni\u00f3w, ul. \u0179r\u00f3dlana 5, 42-310 \u017barki, tel. 887 803 303, recepcja@przystanlesniow.pl, www.przystanlesniow.pl<\/p>\n\n\n\n<p><br> Wypo\u017cyczenie rower\u00f3w, elektrycznych deskorolek oferuj\u0105 tak\u017ce Jurajskie Apartamenty, ul. Zielona 4a, 42-310 \u017barki, tel. 602 678 362, kontakt@jurajskieapartamenty.pl  <a href=\"https:\/\/www.jurajskieapartamenty.pl\/\" target=\"_blank\" rel=\"noopener\">https:\/\/www.jurajskieapartamenty.pl\/<\/a> <\/p>\n\n\n\n<p><strong>Co warto zwiedzi\u0107 na terenie gminy \u017barki?<br><\/strong> Na terenie gminy znajduj\u0105 si\u0119 liczne szlaki turystyki pieszej i rowerowej. Warto id\u0105c lub jad\u0105c tymi szlakami zobaczy\u0107 nast\u0119puj\u0105ce atrakcje:<\/p>\n\n\n\n<ul class=\"wp-block-list\"><li>Ruiny stra\u017cnicy w Przewodziszowicach<\/li><li>Szlak Kultury \u017bydowskiej<\/li><li>Zesp\u00f3\u0142 Zabytkowych Stod\u00f3\u0142<\/li><li>Zabytkowy Cmentarz Wojenny w Kotowicach z czas\u00f3w I wojny \u015bwiatowej<\/li><li>Pustelnia \u015bw. Ducha w Czatachowie<br>\nOryginalne i z pewno\u015bci\u0105 niezwykle ciekawe jest r\u00f3wnie\u017c \u017careckie targowisko, kt\u00f3re odbywa si\u0119 w ka\u017cd\u0105 \u015brod\u0119 i sobot\u0119. Warto je odwiedzi\u0107, bo klimat tego miejsca jest niepowtarzalny.<br>\n\u017barki to nie tylko ciekawe miejsce do wypoczynku stacjonarnego, ale tak\u017ce dogodna lokalizacja do wypad\u00f3w na Jur\u0119. Niedaleko od \u017barek znajduj\u0105 si\u0119 bowiem niezwykle atrakcyjne ruiny jurajskich warowni. Mieszkaj\u0105c w \u017barkach lub okolicy \u0142atwo dojecha\u0107 do zamk\u00f3w w Mirowie i Bobolicach, Olsztynie i Ogrodzie\u0144cu z grodem Bir\u00f3w. Mo\u017cna sobie r\u00f3wnie\u017c zorganizowa\u0107 wycieczk\u0119 do Z\u0142otego Potoku i zwiedzi\u0107 tamtejszy Dworek Krasi\u0144skich. Blisko z \u017barek r\u00f3wnie\u017c do G\u00f3ry Zbor\u00f3w i Jaskini G\u0142\u0119bokiej.<br>\n(\u0179r\u00f3d\u0142o: UMiG \u017barki)<\/li><\/ul>\n","protected":false},"excerpt":{"rendered":"<p>Tegoroczne wakacje b\u0119d\u0105 z pewno\u015bci\u0105 inne ni\u017c zwykle. To b\u0119d\u0105 wakacje w czasach pandemii, a wi\u0119c z zachowaniem ostro\u017cno\u015bci i rygoru sanitarnego zwi\u0105zanego z<\/p>\n","protected":false},"author":7,"featured_media":0,"comment_status":"open","ping_status":"open","sticky":false,"template":"","format":"standard","meta":{"_monsterinsights_skip_tracking":false,"_monsterinsights_sitenote_active":false,"_monsterinsights_sitenote_note":"","_monsterinsights_sitenote_category":0,"_uf_show_specific_survey":0,"_uf_disable_surveys":false,"footnotes":""},"categories":[12,26,31,94,2],"tags":[518],"class_list":["post-15024","post","type-post","status-publish","format-standard","hentry","category-kultura-i-rozrywka","category-myszkow","category-podroze","category-polecane","category-wiadomosci","tag-wakacje-w-czasach-pandemii"],"_links":{"self":[{"href":"https:\/\/gazetaregionalna.com\/index.php?rest_route=\/wp\/v2\/posts\/15024","targetHints":{"allow":["GET"]}}],"collection":[{"href":"https:\/\/gazetaregionalna.com\/index.php?rest_route=\/wp\/v2\/posts"}],"about":[{"href":"https:\/\/gazetaregionalna.com\/index.php?rest_route=\/wp\/v2\/types\/post"}],"author":[{"embeddable":true,"href":"https:\/\/gazetaregionalna.com\/index.php?rest_route=\/wp\/v2\/users\/7"}],"replies":[{"embeddable":true,"href":"https:\/\/gazetaregionalna.com\/index.php?rest_route=%2Fwp%2Fv2%2Fcomments&post=15024"}],"version-history":[{"count":12,"href":"https:\/\/gazetaregionalna.com\/index.php?rest_route=\/wp\/v2\/posts\/15024\/revisions"}],"predecessor-version":[{"id":15042,"href":"https:\/\/gazetaregionalna.com\/index.php?rest_route=\/wp\/v2\/posts\/15024\/revisions\/15042"}],"wp:attachment":[{"href":"https:\/\/gazetaregionalna.com\/index.php?rest_route=%2Fwp%2Fv2%2Fmedia&parent=15024"}],"wp:term":[{"taxonomy":"category","embeddable":true,"href":"https:\/\/gazetaregionalna.com\/index.php?rest_route=%2Fwp%2Fv2%2Fcategories&post=15024"},{"taxonomy":"post_tag","embeddable":true,"href":"https:\/\/gazetaregionalna.com\/index.php?rest_route=%2Fwp%2Fv2%2Ftags&post=15024"}],"curies":[{"name":"wp","href":"https:\/\/api.w.org\/{rel}","templated":true}]}}