{"id":14899,"date":"2020-06-25T12:20:08","date_gmt":"2020-06-25T12:20:08","guid":{"rendered":"https:\/\/gazetaregionalna.com\/?p=14899"},"modified":"2020-06-25T12:20:11","modified_gmt":"2020-06-25T12:20:11","slug":"andrzej-duda-w-krzepicach","status":"publish","type":"post","link":"https:\/\/gazetaregionalna.com\/?p=14899","title":{"rendered":"Andrzej Duda w Krzepicach"},"content":{"rendered":"\n<p> W ramach kampanii wyborczej, prezydent RP Andrzej Duda odwiedzi jutro, 26 czerwca, Krzepice w powiecie k\u0142obuckim. <\/p>\n\n\n\n<p>Spotkanie w mieszka\u0144cami odb\u0119dzie si\u0119 o godzinie 13 na Rynku w Krzepicach.<\/p>\n","protected":false},"excerpt":{"rendered":"<p>W ramach kampanii wyborczej, prezydent RP Andrzej Duda odwiedzi jutro, 26 czerwca, Krzepice w powiecie k\u0142obuckim. Spotkanie w mieszka\u0144cami odb\u0119dzie si\u0119 o godzinie 13<\/p>\n","protected":false},"author":7,"featured_media":14901,"comment_status":"open","ping_status":"open","sticky":false,"template":"","format":"standard","meta":{"_monsterinsights_skip_tracking":false,"_monsterinsights_sitenote_active":false,"_monsterinsights_sitenote_note":"","_monsterinsights_sitenote_category":0,"_uf_show_specific_survey":0,"_uf_disable_surveys":false,"footnotes":""},"categories":[2,27],"tags":[],"class_list":["post-14899","post","type-post","status-publish","format-standard","has-post-thumbnail","hentry","category-wiadomosci","category-klobuck-informacje"],"_links":{"self":[{"href":"https:\/\/gazetaregionalna.com\/index.php?rest_route=\/wp\/v2\/posts\/14899","targetHints":{"allow":["GET"]}}],"collection":[{"href":"https:\/\/gazetaregionalna.com\/index.php?rest_route=\/wp\/v2\/posts"}],"about":[{"href":"https:\/\/gazetaregionalna.com\/index.php?rest_route=\/wp\/v2\/types\/post"}],"author":[{"embeddable":true,"href":"https:\/\/gazetaregionalna.com\/index.php?rest_route=\/wp\/v2\/users\/7"}],"replies":[{"embeddable":true,"href":"https:\/\/gazetaregionalna.com\/index.php?rest_route=%2Fwp%2Fv2%2Fcomments&post=14899"}],"version-history":[{"count":1,"href":"https:\/\/gazetaregionalna.com\/index.php?rest_route=\/wp\/v2\/posts\/14899\/revisions"}],"predecessor-version":[{"id":14900,"href":"https:\/\/gazetaregionalna.com\/index.php?rest_route=\/wp\/v2\/posts\/14899\/revisions\/14900"}],"wp:featuredmedia":[{"embeddable":true,"href":"https:\/\/gazetaregionalna.com\/index.php?rest_route=\/wp\/v2\/media\/14901"}],"wp:attachment":[{"href":"https:\/\/gazetaregionalna.com\/index.php?rest_route=%2Fwp%2Fv2%2Fmedia&parent=14899"}],"wp:term":[{"taxonomy":"category","embeddable":true,"href":"https:\/\/gazetaregionalna.com\/index.php?rest_route=%2Fwp%2Fv2%2Fcategories&post=14899"},{"taxonomy":"post_tag","embeddable":true,"href":"https:\/\/gazetaregionalna.com\/index.php?rest_route=%2Fwp%2Fv2%2Ftags&post=14899"}],"curies":[{"name":"wp","href":"https:\/\/api.w.org\/{rel}","templated":true}]}}