{"id":148623,"date":"2026-04-28T12:39:05","date_gmt":"2026-04-28T12:39:05","guid":{"rendered":"https:\/\/gazetaregionalna.com\/?p=148623"},"modified":"2026-04-28T12:39:06","modified_gmt":"2026-04-28T12:39:06","slug":"czestochowskie-targi-techniki-grzewczej-2026","status":"publish","type":"post","link":"https:\/\/gazetaregionalna.com\/?p=148623","title":{"rendered":"Ekologiczne ABC. Cz\u0119stochowskie Targi Techniki Grzewczej 2026 \u2013 \u201ezielona\u201d przysz\u0142o\u015b\u0107 bran\u017cy [wideo]"},"content":{"rendered":"\n<h4 class=\"wp-block-heading\"><strong>Zainteresowanie i popularno\u015b\u0107 ekologicznych system\u00f3w ogrzewania, nowoczesnych technologii oraz efektywno\u015bci energetycznej stale ro\u015bnie, co mo\u017cna by\u0142o zauwa\u017cy\u0107 podczas Cz\u0119stochowskich Targ\u00f3w Techniki Grzewczej. Wydarzenie zorganizowane przez firm\u0119 Kot\u0142y Patrzyk okaza\u0142o si\u0119 frekwencyjnym sukcesem. Dwudniowe targi zgromadzi\u0142y lider\u00f3w bran\u017cy, ekspert\u00f3w oraz producent\u00f3w, kt\u00f3rzy wyja\u015bniali licznie przyby\u0142ym odwiedzaj\u0105cym, dlaczego warto inwestowa\u0107 w przyjazne \u015brodowisku systemy grzewcze.<\/strong><\/h4>\n\n\n\n<p>Ekologiczne rozwi\u0105zania pozwalaj\u0105ce ograniczy\u0107 zu\u017cycie energii z roku na rok zyskuj\u0105 na znaczeniu, a pompy ciep\u0142a, kot\u0142y na biomas\u0119, gaz czy systemy hybrydowe to ju\u017c codzienno\u015b\u0107. Nowoczesne urz\u0105dzenia grzewcze zmieniaj\u0105 si\u0119 w b\u0142yskawicznym tempie \u2013 warto wi\u0119c poznawa\u0107 nowe trendy, bowiem mog\u0105 one nie tylko poprawi\u0107 komfort \u017cycia, ale tak\u017ce umo\u017cliwi\u0107 redukcj\u0119 koszt\u00f3w i zwi\u0119kszy\u0107 samowystarczalno\u015b\u0107 energetyczn\u0105. Znakomit\u0105 okazj\u0105 do poznania nowatorskich rozwi\u0105za\u0144 oraz zyskania rzetelnych informacji by\u0142y Cz\u0119stochowskie Targi Techniki Grzewczej.<\/p>\n\n\n\n<p>W trakcie dwudniowego wydarzenia siedziba firmy Kot\u0142y Patrzyk sta\u0142a si\u0119 centrum innowacji i nowoczesnych technologii grzewczych. Renomowani producenci i dystrybutorzy prezentowali najnowsze urz\u0105dzenia oraz kierunki rozwoju, np. systemy hybrydowe. Zwiedzaj\u0105cy mogli wi\u0119c liczy\u0107 na rzetelne informacje i kompleksow\u0105 obs\u0142ug\u0119. Targi cieszy\u0142y si\u0119 ogromn\u0105 popularno\u015bci\u0105 nie tylko w\u015br\u00f3d mieszka\u0144c\u00f3w naszego miasta. Wystawc\u00f3w odwiedzali tak\u017ce klienci z Wielkopolski i wojew\u00f3dztwa podlaskiego. Cz\u0119stochowskie Targi Techniki Grzewczej to co\u015b wi\u0119cej ni\u017c tylko targi \u2013 to przestrze\u0144 merytorycznych rozm\u00f3w, spotka\u0144 z ekspertami, prelekcji oraz profesjonalnego doradztwa, a tak\u017ce okazja, by uzyska\u0107 interesuj\u0105ce informacje z pierwszej r\u0119ki. O tym, jak wa\u017cny jest dost\u0119p do profesjonalnej i bezpo\u015brednio przekazywanej wiedzy wspominali nasi rozm\u00f3wcy.<\/p>\n\n\n\n<figure class=\"wp-block-embed is-type-video is-provider-youtube wp-block-embed-youtube wp-embed-aspect-16-9 wp-has-aspect-ratio\"><div class=\"wp-block-embed__wrapper\">\n<div class=\"fitvids-video\"><iframe title=\"Cz\u0119stochowskie Targi Techniki Grzewczej 2026\" width=\"715\" height=\"402\" data-src=\"https:\/\/www.youtube.com\/embed\/YJEoV1DLSC0?feature=oembed\" frameborder=\"0\" allow=\"accelerometer; autoplay; clipboard-write; encrypted-media; gyroscope; picture-in-picture; web-share\" referrerpolicy=\"strict-origin-when-cross-origin\" allowfullscreen src=\"data:image\/svg+xml;base64,PHN2ZyB3aWR0aD0iMSIgaGVpZ2h0PSIxIiB4bWxucz0iaHR0cDovL3d3dy53My5vcmcvMjAwMC9zdmciPjwvc3ZnPg==\" class=\"lazyload\" data-load-mode=\"1\"><\/iframe><\/div>\n<\/div><\/figure>\n\n\n\n<figure class=\"wp-block-image size-large is-resized\"><img decoding=\"async\" width=\"1024\" height=\"404\" data-src=\"https:\/\/gazetaregionalna.com\/wp-content\/uploads\/2026\/01\/WFOSiGW_material-dofinansowano-1024x404.jpg\" alt=\"\" class=\"wp-image-145856 lazyload\" style=\"--smush-placeholder-width: 1024px; --smush-placeholder-aspect-ratio: 1024\/404;aspect-ratio:2.534635650053134;width:558px;height:auto\" data-srcset=\"https:\/\/gazetaregionalna.com\/wp-content\/uploads\/2026\/01\/WFOSiGW_material-dofinansowano-1024x404.jpg 1024w, https:\/\/gazetaregionalna.com\/wp-content\/uploads\/2026\/01\/WFOSiGW_material-dofinansowano-300x119.jpg 300w, https:\/\/gazetaregionalna.com\/wp-content\/uploads\/2026\/01\/WFOSiGW_material-dofinansowano-768x303.jpg 768w, https:\/\/gazetaregionalna.com\/wp-content\/uploads\/2026\/01\/WFOSiGW_material-dofinansowano.jpg 1200w\" data-sizes=\"(max-width: 1024px) 100vw, 1024px\" src=\"data:image\/svg+xml;base64,PHN2ZyB3aWR0aD0iMSIgaGVpZ2h0PSIxIiB4bWxucz0iaHR0cDovL3d3dy53My5vcmcvMjAwMC9zdmciPjwvc3ZnPg==\" \/><\/figure>\n\n\n\n<p><em><strong>Za tre\u015bci zawarte w publikacji dofinansowanej ze \u015brodk\u00f3w <a href=\"https:\/\/wfosigw.katowice.pl\/\" target=\"_blank\" rel=\"noopener\">WFO\u015aiGW<\/a> w Katowicach odpowiedzialno\u015b\u0107 ponosi Redakcja.<\/strong><\/em><\/p>\n\n\n\n<p>Czytaj tak\u017ce: <a href=\"https:\/\/gazetaregionalna.com\/?p=148433\">Zielone Czeki 2026 \u2013 WFO\u015aiGW w Katowicach nagrodzi\u0142 lider\u00f3w ekologii w wojew\u00f3dztwie \u015bl\u0105skim [fotorelacja]<\/a><\/p>\n","protected":false},"excerpt":{"rendered":"<p>Zainteresowanie i popularno\u015b\u0107 ekologicznych system\u00f3w ogrzewania, nowoczesnych technologii oraz efektywno\u015bci energetycznej stale ro\u015bnie, co mo\u017cna by\u0142o zauwa\u017cy\u0107 podczas Cz\u0119stochowskich Targ\u00f3w Techniki Grzewczej. Wydarzenie zorganizowane<\/p>\n","protected":false},"author":5,"featured_media":148627,"comment_status":"closed","ping_status":"open","sticky":false,"template":"","format":"standard","meta":{"_monsterinsights_skip_tracking":false,"_monsterinsights_sitenote_active":false,"_monsterinsights_sitenote_note":"","_monsterinsights_sitenote_category":0,"_uf_show_specific_survey":0,"_uf_disable_surveys":false,"footnotes":""},"categories":[29],"tags":[10502,10503,9499],"class_list":["post-148623","post","type-post","status-publish","format-standard","has-post-thumbnail","hentry","category-ekologia","tag-czestochowskie-targi-techniki-grzewczej","tag-kotly-patrzyk-2","tag-wfosigw-w-katowicach"],"_links":{"self":[{"href":"https:\/\/gazetaregionalna.com\/index.php?rest_route=\/wp\/v2\/posts\/148623","targetHints":{"allow":["GET"]}}],"collection":[{"href":"https:\/\/gazetaregionalna.com\/index.php?rest_route=\/wp\/v2\/posts"}],"about":[{"href":"https:\/\/gazetaregionalna.com\/index.php?rest_route=\/wp\/v2\/types\/post"}],"author":[{"embeddable":true,"href":"https:\/\/gazetaregionalna.com\/index.php?rest_route=\/wp\/v2\/users\/5"}],"replies":[{"embeddable":true,"href":"https:\/\/gazetaregionalna.com\/index.php?rest_route=%2Fwp%2Fv2%2Fcomments&post=148623"}],"version-history":[{"count":3,"href":"https:\/\/gazetaregionalna.com\/index.php?rest_route=\/wp\/v2\/posts\/148623\/revisions"}],"predecessor-version":[{"id":148628,"href":"https:\/\/gazetaregionalna.com\/index.php?rest_route=\/wp\/v2\/posts\/148623\/revisions\/148628"}],"wp:featuredmedia":[{"embeddable":true,"href":"https:\/\/gazetaregionalna.com\/index.php?rest_route=\/wp\/v2\/media\/148627"}],"wp:attachment":[{"href":"https:\/\/gazetaregionalna.com\/index.php?rest_route=%2Fwp%2Fv2%2Fmedia&parent=148623"}],"wp:term":[{"taxonomy":"category","embeddable":true,"href":"https:\/\/gazetaregionalna.com\/index.php?rest_route=%2Fwp%2Fv2%2Fcategories&post=148623"},{"taxonomy":"post_tag","embeddable":true,"href":"https:\/\/gazetaregionalna.com\/index.php?rest_route=%2Fwp%2Fv2%2Ftags&post=148623"}],"curies":[{"name":"wp","href":"https:\/\/api.w.org\/{rel}","templated":true}]}}