{"id":148618,"date":"2026-04-28T08:54:15","date_gmt":"2026-04-28T08:54:15","guid":{"rendered":"https:\/\/gazetaregionalna.com\/?p=148618"},"modified":"2026-04-28T08:54:16","modified_gmt":"2026-04-28T08:54:16","slug":"zus-ostrzega-przed-oszustami-proponujacymi-wyzsza-emeryture","status":"publish","type":"post","link":"https:\/\/gazetaregionalna.com\/?p=148618","title":{"rendered":"ZUS ostrzega przed oszustami proponuj\u0105cymi &#8222;wy\u017csz\u0105 emerytur\u0119&#8221;!"},"content":{"rendered":"\n<p><strong>ZUS ostrzega przed oszustami, kt\u00f3rzy \u2013 udaj\u0105c urz\u0119dnik\u00f3w \u2013 za fa\u0142szyw\u0105 obietnic\u0119 ,,wy\u017cszej emerytury\u201d \u017cycz\u0105 sobie kilkaset z\u0142otych.&nbsp;<\/strong><\/p>\n\n\n\n<p>Do Zak\u0142adu Ubezpiecze\u0144 Spo\u0142ecznych zg\u0142osi\u0142 si\u0119 starszy m\u0119\u017cczyzna. Senior odebra\u0142 telefon od osoby, kt\u00f3ra podawa\u0142a si\u0119 za pracownika ZUS, namawia\u0142a m\u0119\u017cczyzn\u0119 do przyst\u0105pienia do \u201eprogramu emerytalnego\u201d i zwi\u0119kszenia przez to swojej emerytury. \u201eOp\u0142ata\u201d za t\u0119 us\u0142ug\u0119 wynosi\u0142a 800 z\u0142. Senior otrzyma\u0142 nast\u0119pnie dwa SMS-y z rzekomym potwierdzeniem rejestracji w programie i przypomnieniem o p\u0142atno\u015bci.<\/p>\n\n\n\n<p><strong>ZUS apeluje \u2013 zw\u0142aszcza do os\u00f3b starszych \u2013 o szczeg\u00f3ln\u0105 ostro\u017cno\u015b\u0107 podczas rozm\u00f3w telefonicznych. Informuje te\u017c, \u017ce elektronicznie lub poprzez SMS kontaktuje si\u0119 jedynie z tymi klientami, kt\u00f3rzy maj\u0105 konto na eZUS i wybrali ten spos\u00f3b kontaktu.&nbsp;<\/strong><\/p>\n\n\n\n<p>W ostatnich latach coraz cz\u0119\u015bciej daj\u0105 o sobie zna\u0107 grupy przest\u0119pcze i oszu\u015bci wykorzystuj\u0105cy r\u00f3\u017cne kana\u0142y komunikacji i oraz sztuczn\u0105 inteligencj\u0119 (AI). AI pozwala na kreowanie serwis\u00f3w i komunikat\u00f3w \u0142udz\u0105co przypominaj\u0105cych tre\u015bci oficjalne czy te\u017c podszywaj\u0105cych si\u0119 pod znane nam osoby.&nbsp;<\/p>\n\n\n\n<p>W przypadku kontaktu telefonicznego, kt\u00f3rego sami nie inicjowali\u015bmy, osoby dzwoni\u0105ce cz\u0119sto staraj\u0105 si\u0119 wymusi\u0107 na nas decyzje, twierdz\u0105, \u017ce mamy na ni\u0105 ma\u0142o czasu, gro\u017c\u0105 utrat\u0105 pieni\u0119dzy, itp. To powinno wzbudzi\u0107 szczeg\u00f3ln\u0105 czujno\u015b\u0107!&nbsp; &nbsp; &nbsp;&nbsp;<\/p>\n\n\n\n<p><strong>Je\u015bli odbieraj\u0105c telefon mamy w\u0105tpliwo\u015bci co do to\u017csamo\u015bci osoby, kt\u00f3ra podaje si\u0119 za pracownika ZUS, mo\u017cemy j\u0105 sprawdzi\u0107, kontaktuj\u0105c si\u0119 z najbli\u017csz\u0105 plac\u00f3wk\u0105 ZUS lub Centrum Kontaktu Klient\u00f3w (CKK)<\/strong><strong>pod numerem 22 560 16 00 lub adresem mailowym cot@zus.pl<\/strong>.&nbsp;<\/p>\n\n\n\n<p>\u0179r\u00f3d\u0142o: UM Cz\u0119stochowa<\/p>\n","protected":false},"excerpt":{"rendered":"<p>ZUS ostrzega przed oszustami, kt\u00f3rzy \u2013 udaj\u0105c urz\u0119dnik\u00f3w \u2013 za fa\u0142szyw\u0105 obietnic\u0119 ,,wy\u017cszej emerytury\u201d \u017cycz\u0105 sobie kilkaset z\u0142otych.&nbsp; Do Zak\u0142adu Ubezpiecze\u0144 Spo\u0142ecznych zg\u0142osi\u0142 si\u0119<\/p>\n","protected":false},"author":34,"featured_media":148619,"comment_status":"closed","ping_status":"open","sticky":false,"template":"","format":"standard","meta":{"_monsterinsights_skip_tracking":false,"_monsterinsights_sitenote_active":false,"_monsterinsights_sitenote_note":"","_monsterinsights_sitenote_category":0,"_uf_show_specific_survey":0,"_uf_disable_surveys":false,"footnotes":""},"categories":[44,42],"tags":[144,5000,6905,1944],"class_list":["post-148618","post","type-post","status-publish","format-standard","has-post-thumbnail","hentry","category-bezpieczenstwo","category-finanse","tag-czestochowa","tag-emerytura","tag-oszust-internetowy","tag-zus"],"_links":{"self":[{"href":"https:\/\/gazetaregionalna.com\/index.php?rest_route=\/wp\/v2\/posts\/148618","targetHints":{"allow":["GET"]}}],"collection":[{"href":"https:\/\/gazetaregionalna.com\/index.php?rest_route=\/wp\/v2\/posts"}],"about":[{"href":"https:\/\/gazetaregionalna.com\/index.php?rest_route=\/wp\/v2\/types\/post"}],"author":[{"embeddable":true,"href":"https:\/\/gazetaregionalna.com\/index.php?rest_route=\/wp\/v2\/users\/34"}],"replies":[{"embeddable":true,"href":"https:\/\/gazetaregionalna.com\/index.php?rest_route=%2Fwp%2Fv2%2Fcomments&post=148618"}],"version-history":[{"count":2,"href":"https:\/\/gazetaregionalna.com\/index.php?rest_route=\/wp\/v2\/posts\/148618\/revisions"}],"predecessor-version":[{"id":148621,"href":"https:\/\/gazetaregionalna.com\/index.php?rest_route=\/wp\/v2\/posts\/148618\/revisions\/148621"}],"wp:featuredmedia":[{"embeddable":true,"href":"https:\/\/gazetaregionalna.com\/index.php?rest_route=\/wp\/v2\/media\/148619"}],"wp:attachment":[{"href":"https:\/\/gazetaregionalna.com\/index.php?rest_route=%2Fwp%2Fv2%2Fmedia&parent=148618"}],"wp:term":[{"taxonomy":"category","embeddable":true,"href":"https:\/\/gazetaregionalna.com\/index.php?rest_route=%2Fwp%2Fv2%2Fcategories&post=148618"},{"taxonomy":"post_tag","embeddable":true,"href":"https:\/\/gazetaregionalna.com\/index.php?rest_route=%2Fwp%2Fv2%2Ftags&post=148618"}],"curies":[{"name":"wp","href":"https:\/\/api.w.org\/{rel}","templated":true}]}}