{"id":148614,"date":"2026-04-28T01:00:00","date_gmt":"2026-04-28T01:00:00","guid":{"rendered":"https:\/\/gazetaregionalna.com\/?p=148614"},"modified":"2026-04-28T08:38:14","modified_gmt":"2026-04-28T08:38:14","slug":"wielun-stolica-siatkowki-miasto-gospodarzem-turnieju-finalowego-o-awans-do-1-ligi","status":"publish","type":"post","link":"https:\/\/gazetaregionalna.com\/?p=148614","title":{"rendered":"Wielu\u0144 stolic\u0105 siatk\u00f3wki: Miasto gospodarzem Turnieju Fina\u0142owego o awans do 1. Ligi"},"content":{"rendered":"\n<p>Wielu\u0144 przygotowuje si\u0119 do jednego z najwa\u017cniejszych wydarze\u0144 sportowych sezonu. Jak poinformowa\u0142 Polski Zwi\u0105zek Pi\u0142ki Siatkowej, po wywalczonym awansie siatkarzy WKS Wielu\u0144 do Turnieju Fina\u0142owego, to w\u0142a\u015bnie nasze miasto zosta\u0142o wybrane na gospodarza decyduj\u0105cej batalii o wej\u015bcie do PLS 1. Ligi.<\/p>\n\n\n\n<p>Kluczowe starcia odb\u0119d\u0105 si\u0119 w maju w hali sportowej Wielu\u0144skiego O\u015brodka Sportu i Rekreacji przy ulicy Cz\u0119stochowskiej 35. Przez trzy dni kibice b\u0119d\u0105 \u015bwiadkami siatk\u00f3wki na najwy\u017cszym poziomie, wspieraj\u0105c podopiecznych trenera Bart\u0142omieja Matejczyka w ich walce o historyczny sukces. Organizacja tak presti\u017cowego turnieju to nie tylko wyr\u00f3\u017cnienie dla klubu, ale tak\u017ce prawdziwe \u015bwi\u0119to dla wszystkich fan\u00f3w sportu w regionie.<\/p>\n\n\n\n<p>Wydarzenie jest wsp\u00f3\u0142finansowane z bud\u017cetu Gminy Wielu\u0144. Lokalna spo\u0142eczno\u015b\u0107 ju\u017c teraz zapraszana jest do licznego przybycia na trybuny, by wsp\u00f3lnym dopingiem pom\u00f3c dru\u017cynie WKS-u w zdobyciu upragnionego awansu.<\/p>\n\n\n\n<p>fot. i info. UM <a href=\"https:\/\/www.facebook.com\/wielunpl?__cft__[0]=AZYg32x5dFrm9BfsxzUzw_Zd_SgR_SN38vB8T7O3NMjoYVxWepW2GSz_bz6eg0iI54ZJRboYStPLG_zoHJhLIFisLF1cevia5UWd_NIK8C9OXeEilmWq7Ok3XnjWIJGU3QNAnLv324_vpRNv97Q1ND68\" target=\"_blank\" rel=\"noreferrer noopener\">Wielu\u0144<\/a>, \u0141ukasz P\u0142uciennik \/ <a href=\"http:\/\/pogwizdku.com\/\" target=\"_blank\" rel=\"noreferrer noopener\">PoGwizdku.com<\/a><\/p>\n\n\n\n<p><\/p>\n","protected":false},"excerpt":{"rendered":"<p>Wielu\u0144 przygotowuje si\u0119 do jednego z najwa\u017cniejszych wydarze\u0144 sportowych sezonu. Jak poinformowa\u0142 Polski Zwi\u0105zek Pi\u0142ki Siatkowej, po wywalczonym awansie siatkarzy WKS Wielu\u0144 do Turnieju<\/p>\n","protected":false},"author":4,"featured_media":148616,"comment_status":"closed","ping_status":"open","sticky":false,"template":"","format":"standard","meta":{"_monsterinsights_skip_tracking":false,"_monsterinsights_sitenote_active":false,"_monsterinsights_sitenote_note":"","_monsterinsights_sitenote_category":0,"_uf_show_specific_survey":0,"_uf_disable_surveys":false,"footnotes":""},"categories":[10500],"tags":[409,5997,10501],"class_list":["post-148614","post","type-post","status-publish","format-standard","has-post-thumbnail","hentry","category-wielun","tag-siatkowka","tag-wielun","tag-wks"],"_links":{"self":[{"href":"https:\/\/gazetaregionalna.com\/index.php?rest_route=\/wp\/v2\/posts\/148614","targetHints":{"allow":["GET"]}}],"collection":[{"href":"https:\/\/gazetaregionalna.com\/index.php?rest_route=\/wp\/v2\/posts"}],"about":[{"href":"https:\/\/gazetaregionalna.com\/index.php?rest_route=\/wp\/v2\/types\/post"}],"author":[{"embeddable":true,"href":"https:\/\/gazetaregionalna.com\/index.php?rest_route=\/wp\/v2\/users\/4"}],"replies":[{"embeddable":true,"href":"https:\/\/gazetaregionalna.com\/index.php?rest_route=%2Fwp%2Fv2%2Fcomments&post=148614"}],"version-history":[{"count":1,"href":"https:\/\/gazetaregionalna.com\/index.php?rest_route=\/wp\/v2\/posts\/148614\/revisions"}],"predecessor-version":[{"id":148617,"href":"https:\/\/gazetaregionalna.com\/index.php?rest_route=\/wp\/v2\/posts\/148614\/revisions\/148617"}],"wp:featuredmedia":[{"embeddable":true,"href":"https:\/\/gazetaregionalna.com\/index.php?rest_route=\/wp\/v2\/media\/148616"}],"wp:attachment":[{"href":"https:\/\/gazetaregionalna.com\/index.php?rest_route=%2Fwp%2Fv2%2Fmedia&parent=148614"}],"wp:term":[{"taxonomy":"category","embeddable":true,"href":"https:\/\/gazetaregionalna.com\/index.php?rest_route=%2Fwp%2Fv2%2Fcategories&post=148614"},{"taxonomy":"post_tag","embeddable":true,"href":"https:\/\/gazetaregionalna.com\/index.php?rest_route=%2Fwp%2Fv2%2Ftags&post=148614"}],"curies":[{"name":"wp","href":"https:\/\/api.w.org\/{rel}","templated":true}]}}